{"id":1938,"date":"2014-03-31T11:47:58","date_gmt":"2014-03-31T10:47:58","guid":{"rendered":"http:\/\/www.sps-kadan.cz\/?p=1938"},"modified":"2015-01-30T12:00:35","modified_gmt":"2015-01-30T11:00:35","slug":"inaugurace","status":"publish","type":"post","link":"https:\/\/www.sps-kadan.cz\/?p=1938","title":{"rendered":"Inaugurace"},"content":{"rendered":"<p>V \u00fater\u00fd 25. 3. 2014 byl v pra\u017esk\u00e9 Betl\u00e9msk\u00e9 kapli slavnostn\u011b uveden do funkce rektora \u010cVUT prof. Ing. Petr Konvalinka. Je absolventem SP\u0160 stavebn\u00ed v Kadani, kde studoval v letech 1975 \u2013 79. Slavnostn\u00ed inaugurace se na pozv\u00e1n\u00ed pana rektora z\u00fa\u010dastnili i jeho b\u00fdval\u00ed u\u010ditel\u00e9 Ing. Pachol\u00edk, Ing. Pachol\u00edkov\u00e1, Ing. N\u011bmec a sou\u010dasn\u00fd \u0159editel \u0161koly PaedDr. Hrdina.<\/p>\n<div id='gallery-1' class='gallery galleryid-1938 gallery-columns-1 gallery-size-large'><figure class='gallery-item'>\n\t\t\t<div class='gallery-icon landscape'>\n\t\t\t\t<a href='https:\/\/www.sps-kadan.cz\/?attachment_id=1939'><img width=\"530\" height=\"398\" src=\"https:\/\/www.sps-kadan.cz\/wp-content\/uploads\/2015\/01\/25.3.14_040-700x525.jpg\" class=\"attachment-large size-large\" alt=\"\" loading=\"lazy\" srcset=\"https:\/\/www.sps-kadan.cz\/wp-content\/uploads\/2015\/01\/25.3.14_040-700x525.jpg 700w, https:\/\/www.sps-kadan.cz\/wp-content\/uploads\/2015\/01\/25.3.14_040-300x225.jpg 300w, https:\/\/www.sps-kadan.cz\/wp-content\/uploads\/2015\/01\/25.3.14_040-200x150.jpg 200w, https:\/\/www.sps-kadan.cz\/wp-content\/uploads\/2015\/01\/25.3.14_040.jpg 1523w\" sizes=\"(max-width: 530px) 100vw, 530px\" \/><\/a>\n\t\t\t<\/div><\/figure>\n\t\t<\/div>\n\n","protected":false},"excerpt":{"rendered":"<p>V \u00fater\u00fd 25. 3. 2014 byl v pra\u017esk\u00e9 Betl\u00e9msk\u00e9 kapli slavnostn\u011b uveden do funkce rektora \u010cVUT prof. Ing. Petr Konvalinka. Je absolventem SP\u0160 stavebn\u00ed v <a class=\"more-link\" href=\"https:\/\/www.sps-kadan.cz\/?p=1938\">Cel\u00fd \u010dl\u00e1nek  <span class=\"screen-reader-text\">  Inaugurace<\/span><span class=\"meta-nav\">&rarr;<\/span><\/a><\/p>\n","protected":false},"author":6,"featured_media":0,"comment_status":"closed","ping_status":"closed","sticky":false,"template":"","format":"standard","meta":[],"categories":[2,24,17],"tags":[],"_links":{"self":[{"href":"https:\/\/www.sps-kadan.cz\/index.php?rest_route=\/wp\/v2\/posts\/1938"}],"collection":[{"href":"https:\/\/www.sps-kadan.cz\/index.php?rest_route=\/wp\/v2\/posts"}],"about":[{"href":"https:\/\/www.sps-kadan.cz\/index.php?rest_route=\/wp\/v2\/types\/post"}],"author":[{"embeddable":true,"href":"https:\/\/www.sps-kadan.cz\/index.php?rest_route=\/wp\/v2\/users\/6"}],"replies":[{"embeddable":true,"href":"https:\/\/www.sps-kadan.cz\/index.php?rest_route=%2Fwp%2Fv2%2Fcomments&post=1938"}],"version-history":[{"count":1,"href":"https:\/\/www.sps-kadan.cz\/index.php?rest_route=\/wp\/v2\/posts\/1938\/revisions"}],"predecessor-version":[{"id":2828,"href":"https:\/\/www.sps-kadan.cz\/index.php?rest_route=\/wp\/v2\/posts\/1938\/revisions\/2828"}],"wp:attachment":[{"href":"https:\/\/www.sps-kadan.cz\/index.php?rest_route=%2Fwp%2Fv2%2Fmedia&parent=1938"}],"wp:term":[{"taxonomy":"category","embeddable":true,"href":"https:\/\/www.sps-kadan.cz\/index.php?rest_route=%2Fwp%2Fv2%2Fcategories&post=1938"},{"taxonomy":"post_tag","embeddable":true,"href":"https:\/\/www.sps-kadan.cz\/index.php?rest_route=%2Fwp%2Fv2%2Ftags&post=1938"}],"curies":[{"name":"wp","href":"https:\/\/api.w.org\/{rel}","templated":true}]}}