{"id":1953,"date":"2014-04-28T12:18:38","date_gmt":"2014-04-28T11:18:38","guid":{"rendered":"http:\/\/www.sps-kadan.cz\/?p=1953"},"modified":"2015-01-30T12:00:10","modified_gmt":"2015-01-30T11:00:10","slug":"dalsi-uspech-davida-smida-v-krajskem-kole-soc","status":"publish","type":"post","link":"https:\/\/www.sps-kadan.cz\/?p=1953","title":{"rendered":"Dal\u0161\u00ed \u00fasp\u011bch Davida \u0160m\u00edda v krajsk\u00e9m kole SO\u010c"},"content":{"rendered":"<p>Dne 16. 4. prob\u011bhla v \u00dast\u00ed nad Labem krajsk\u00e1 p\u0159ehl\u00eddka St\u0159edo\u0161kolsk\u00e9 odborn\u00e9 \u010dinnosti. V oboru stavebnictv\u00ed m\u011bla na\u0161e \u0161kola n\u011bkolik \u017ehav\u00fdch \u017eel\u00edzek v ohni. Z celkem dev\u00edti p\u0159ihl\u00e1\u0161en\u00fdch sout\u011b\u017en\u00edch prac\u00ed byly 4 vyprojektov\u00e1ny na kada\u0148sk\u00e9 \u201estavebce\u201c.<\/p>\n<p>V\u00edt\u011bzem krajsk\u00e9ho kola se stal David \u0160m\u00edd s projektem Studentsk\u00e9 n\u00e1m\u011bst\u00ed, s kter\u00fdm ji\u017e usp\u011bl v okresn\u00edm kole, kde t\u00e9\u017e zv\u00edt\u011bzil. \u0160m\u00edd\u016fv projekt postupuje do celost\u00e1tn\u00edho kola, kter\u00e9 se uskute\u010dn\u00ed v \u010dervnu v Plzni.. Na \u010dtvrt\u00e9m m\u00edst\u011b se um\u00edstil projekt Zelen\u00e9 st\u0159echy student\u016f Martina Graupnera a Karla Koub\u00edka. Na p\u00e1t\u00e9m m\u00edst\u011b skon\u010dila pr\u00e1ce M\u011bstsk\u00fd mobili\u00e1\u0159 trojice autor\u016f Martin Graupner, David \u0160m\u00edd a Michal Weiss.<\/p>\n<p>Z\u00e1v\u011brem nezb\u00fdv\u00e1 ne\u017e pop\u0159\u00e1t \u0161t\u011bst\u00ed v\u00edt\u011bzn\u00e9mu projektu Davida \u0160m\u00edda v republikov\u00e9m kl\u00e1n\u00ed a jemu i ostatn\u00edm autor\u016fm pod\u011bkovat za skv\u011blou reprezentaci kada\u0148sk\u00e9 \u0161koly.<\/p>\n","protected":false},"excerpt":{"rendered":"<p>Dne 16. 4. prob\u011bhla v \u00dast\u00ed nad Labem krajsk\u00e1 p\u0159ehl\u00eddka St\u0159edo\u0161kolsk\u00e9 odborn\u00e9 \u010dinnosti. V oboru stavebnictv\u00ed m\u011bla na\u0161e \u0161kola n\u011bkolik \u017ehav\u00fdch \u017eel\u00edzek v ohni. Z <a class=\"more-link\" href=\"https:\/\/www.sps-kadan.cz\/?p=1953\">Cel\u00fd \u010dl\u00e1nek  <span class=\"screen-reader-text\">  Dal\u0161\u00ed \u00fasp\u011bch Davida \u0160m\u00edda v krajsk\u00e9m kole SO\u010c<\/span><span class=\"meta-nav\">&rarr;<\/span><\/a><\/p>\n","protected":false},"author":6,"featured_media":0,"comment_status":"closed","ping_status":"closed","sticky":false,"template":"","format":"standard","meta":[],"categories":[2,24,15],"tags":[],"_links":{"self":[{"href":"https:\/\/www.sps-kadan.cz\/index.php?rest_route=\/wp\/v2\/posts\/1953"}],"collection":[{"href":"https:\/\/www.sps-kadan.cz\/index.php?rest_route=\/wp\/v2\/posts"}],"about":[{"href":"https:\/\/www.sps-kadan.cz\/index.php?rest_route=\/wp\/v2\/types\/post"}],"author":[{"embeddable":true,"href":"https:\/\/www.sps-kadan.cz\/index.php?rest_route=\/wp\/v2\/users\/6"}],"replies":[{"embeddable":true,"href":"https:\/\/www.sps-kadan.cz\/index.php?rest_route=%2Fwp%2Fv2%2Fcomments&post=1953"}],"version-history":[{"count":1,"href":"https:\/\/www.sps-kadan.cz\/index.php?rest_route=\/wp\/v2\/posts\/1953\/revisions"}],"predecessor-version":[{"id":2824,"href":"https:\/\/www.sps-kadan.cz\/index.php?rest_route=\/wp\/v2\/posts\/1953\/revisions\/2824"}],"wp:attachment":[{"href":"https:\/\/www.sps-kadan.cz\/index.php?rest_route=%2Fwp%2Fv2%2Fmedia&parent=1953"}],"wp:term":[{"taxonomy":"category","embeddable":true,"href":"https:\/\/www.sps-kadan.cz\/index.php?rest_route=%2Fwp%2Fv2%2Fcategories&post=1953"},{"taxonomy":"post_tag","embeddable":true,"href":"https:\/\/www.sps-kadan.cz\/index.php?rest_route=%2Fwp%2Fv2%2Ftags&post=1953"}],"curies":[{"name":"wp","href":"https:\/\/api.w.org\/{rel}","templated":true}]}}