{"id":1957,"date":"2014-05-21T11:57:30","date_gmt":"2014-05-21T10:57:30","guid":{"rendered":"http:\/\/www.sps-kadan.cz\/?p=1957"},"modified":"2015-01-30T12:00:10","modified_gmt":"2015-01-30T11:00:10","slug":"mami-tati-co-ty-o-tom-vis-aneb-odstranme-bariery-mezi-nami","status":"publish","type":"post","link":"https:\/\/www.sps-kadan.cz\/?p=1957","title":{"rendered":"\u201eMami, tati, co ty o tom v\u00ed\u0161?\u201c aneb Odstra\u0148me bari\u00e9ry mezi n\u00e1mi"},"content":{"rendered":"<p>Za \u00fa\u010dasti n\u00e1m\u011bstkyn\u011b hejtmana \u00daK pan\u00ed Jany Va\u0148hov\u00e9 prob\u011bhlo v p\u00e1tek 9. 5. 2014 v aule SP\u0160S a OA v Kadani slavnostn\u00ed vyhl\u00e1\u0161en\u00ed v\u00fdsledk\u016f 7. ro\u010dn\u00edku \u0161koln\u00ed sout\u011b\u017ee o soci\u00e1ln\u011b patologick\u00fdch jevech \u201eMami, tati, co ty o tom v\u00ed\u0161?\u201c aneb Odstra\u0148me bari\u00e9ry mezi n\u00e1mi. Sout\u011b\u017e je sou\u010d\u00e1st\u00ed \u0161koln\u00edho projektu Prevenc\u00ed pro budouc\u00ed \u017eivot. Hodnoceno bylo 92 prac\u00ed v kategori\u00edch \u2013 grafika, grafika na PC, test a liter\u00e1rn\u00ed \u00fatvar. V\u00edt\u011bzi v jednotliv\u00fdch kategori\u00edch se stali Mat\u011bj Charv\u00e1t, Libor Tumpach, Krist\u00fdna Novotn\u00e1 a Denisa Krupov\u00e1.<\/p>\n<div id='gallery-1' class='gallery galleryid-1957 gallery-columns-2 gallery-size-large'><figure class='gallery-item'>\n\t\t\t<div class='gallery-icon landscape'>\n\t\t\t\t<a href='https:\/\/www.sps-kadan.cz\/?attachment_id=1958'><img width=\"530\" height=\"354\" src=\"https:\/\/www.sps-kadan.cz\/wp-content\/uploads\/2015\/01\/IMG_3368-700x467.jpg\" class=\"attachment-large size-large\" alt=\"\" loading=\"lazy\" srcset=\"https:\/\/www.sps-kadan.cz\/wp-content\/uploads\/2015\/01\/IMG_3368-700x467.jpg 700w, https:\/\/www.sps-kadan.cz\/wp-content\/uploads\/2015\/01\/IMG_3368-600x400.jpg 600w, https:\/\/www.sps-kadan.cz\/wp-content\/uploads\/2015\/01\/IMG_3368-200x133.jpg 200w\" sizes=\"(max-width: 530px) 100vw, 530px\" \/><\/a>\n\t\t\t<\/div><\/figure><figure class='gallery-item'>\n\t\t\t<div class='gallery-icon portrait'>\n\t\t\t\t<a href='https:\/\/www.sps-kadan.cz\/?attachment_id=1959'><img width=\"467\" height=\"700\" src=\"https:\/\/www.sps-kadan.cz\/wp-content\/uploads\/2015\/01\/IMG_3332-467x700.jpg\" class=\"attachment-large size-large\" alt=\"\" loading=\"lazy\" srcset=\"https:\/\/www.sps-kadan.cz\/wp-content\/uploads\/2015\/01\/IMG_3332-467x700.jpg 467w, https:\/\/www.sps-kadan.cz\/wp-content\/uploads\/2015\/01\/IMG_3332-400x600.jpg 400w, https:\/\/www.sps-kadan.cz\/wp-content\/uploads\/2015\/01\/IMG_3332-133x200.jpg 133w\" sizes=\"(max-width: 467px) 100vw, 467px\" \/><\/a>\n\t\t\t<\/div><\/figure>\n\t\t<\/div>\n\n","protected":false},"excerpt":{"rendered":"<p>Za \u00fa\u010dasti n\u00e1m\u011bstkyn\u011b hejtmana \u00daK pan\u00ed Jany Va\u0148hov\u00e9 prob\u011bhlo v p\u00e1tek 9. 5. 2014 v aule SP\u0160S a OA v Kadani slavnostn\u00ed vyhl\u00e1\u0161en\u00ed v\u00fdsledk\u016f 7. <a class=\"more-link\" href=\"https:\/\/www.sps-kadan.cz\/?p=1957\">Cel\u00fd \u010dl\u00e1nek  <span class=\"screen-reader-text\">  \u201eMami, tati, co ty o tom v\u00ed\u0161?\u201c aneb Odstra\u0148me bari\u00e9ry mezi n\u00e1mi<\/span><span class=\"meta-nav\">&rarr;<\/span><\/a><\/p>\n","protected":false},"author":6,"featured_media":1958,"comment_status":"closed","ping_status":"closed","sticky":false,"template":"","format":"standard","meta":[],"categories":[2,24,15],"tags":[],"_links":{"self":[{"href":"https:\/\/www.sps-kadan.cz\/index.php?rest_route=\/wp\/v2\/posts\/1957"}],"collection":[{"href":"https:\/\/www.sps-kadan.cz\/index.php?rest_route=\/wp\/v2\/posts"}],"about":[{"href":"https:\/\/www.sps-kadan.cz\/index.php?rest_route=\/wp\/v2\/types\/post"}],"author":[{"embeddable":true,"href":"https:\/\/www.sps-kadan.cz\/index.php?rest_route=\/wp\/v2\/users\/6"}],"replies":[{"embeddable":true,"href":"https:\/\/www.sps-kadan.cz\/index.php?rest_route=%2Fwp%2Fv2%2Fcomments&post=1957"}],"version-history":[{"count":1,"href":"https:\/\/www.sps-kadan.cz\/index.php?rest_route=\/wp\/v2\/posts\/1957\/revisions"}],"predecessor-version":[{"id":2822,"href":"https:\/\/www.sps-kadan.cz\/index.php?rest_route=\/wp\/v2\/posts\/1957\/revisions\/2822"}],"wp:featuredmedia":[{"embeddable":true,"href":"https:\/\/www.sps-kadan.cz\/index.php?rest_route=\/wp\/v2\/media\/1958"}],"wp:attachment":[{"href":"https:\/\/www.sps-kadan.cz\/index.php?rest_route=%2Fwp%2Fv2%2Fmedia&parent=1957"}],"wp:term":[{"taxonomy":"category","embeddable":true,"href":"https:\/\/www.sps-kadan.cz\/index.php?rest_route=%2Fwp%2Fv2%2Fcategories&post=1957"},{"taxonomy":"post_tag","embeddable":true,"href":"https:\/\/www.sps-kadan.cz\/index.php?rest_route=%2Fwp%2Fv2%2Ftags&post=1957"}],"curies":[{"name":"wp","href":"https:\/\/api.w.org\/{rel}","templated":true}]}}