{"id":1961,"date":"2014-05-30T08:44:28","date_gmt":"2014-05-30T07:44:28","guid":{"rendered":"http:\/\/www.sps-kadan.cz\/?p=1961"},"modified":"2015-01-30T12:00:09","modified_gmt":"2015-01-30T11:00:09","slug":"setkani-lidru-ceskeho-stavebnictvi-2014","status":"publish","type":"post","link":"https:\/\/www.sps-kadan.cz\/?p=1961","title":{"rendered":"Setk\u00e1n\u00ed l\u00eddr\u016f \u010desk\u00e9ho stavebnictv\u00ed 2014"},"content":{"rendered":"<p>Ve \u010dtvrtek 29. kv\u011btna se v budov\u011b \u010cesk\u00e9 n\u00e1rodn\u00ed banky v Praze uskute\u010dnilo setk\u00e1n\u00ed l\u00eddr\u016f \u010desk\u00e9ho stavebnictv\u00ed za \u00fa\u010dasti prezidenta \u010cR Milo\u0161e Zemana, p\u0159edsedy vl\u00e1dy Bohuslava Sobotky a dal\u0161\u00edch osobnost\u00ed z ve\u0159ejn\u00e9ho \u017eivota a stavebnictv\u00ed. N\u00e1s m\u016f\u017ee t\u011b\u0161it, \u017ee mezi pozvan\u00fdmi byl i u\u010ditel odborn\u00fdch p\u0159edm\u011bt\u016f na\u0161\u00ed \u0161koly Ing. Miroslav Sahulka.<\/p>\n<div id='gallery-1' class='gallery galleryid-1961 gallery-columns-2 gallery-size-medium'><figure class='gallery-item'>\n\t\t\t<div class='gallery-icon landscape'>\n\t\t\t\t<a href='https:\/\/www.sps-kadan.cz\/?attachment_id=1962'><img width=\"200\" height=\"150\" src=\"https:\/\/www.sps-kadan.cz\/wp-content\/uploads\/2015\/01\/DSCN2209-200x150.jpg\" class=\"attachment-medium size-medium\" alt=\"\" loading=\"lazy\" srcset=\"https:\/\/www.sps-kadan.cz\/wp-content\/uploads\/2015\/01\/DSCN2209-200x150.jpg 200w, https:\/\/www.sps-kadan.cz\/wp-content\/uploads\/2015\/01\/DSCN2209-600x450.jpg 600w, https:\/\/www.sps-kadan.cz\/wp-content\/uploads\/2015\/01\/DSCN2209-700x525.jpg 700w, https:\/\/www.sps-kadan.cz\/wp-content\/uploads\/2015\/01\/DSCN2209.jpg 1024w\" sizes=\"(max-width: 200px) 100vw, 200px\" \/><\/a>\n\t\t\t<\/div><\/figure><figure class='gallery-item'>\n\t\t\t<div class='gallery-icon landscape'>\n\t\t\t\t<a href='https:\/\/www.sps-kadan.cz\/?attachment_id=1963'><img width=\"200\" height=\"150\" src=\"https:\/\/www.sps-kadan.cz\/wp-content\/uploads\/2015\/01\/DSCN2213-200x150.jpg\" class=\"attachment-medium size-medium\" alt=\"\" loading=\"lazy\" srcset=\"https:\/\/www.sps-kadan.cz\/wp-content\/uploads\/2015\/01\/DSCN2213-200x150.jpg 200w, https:\/\/www.sps-kadan.cz\/wp-content\/uploads\/2015\/01\/DSCN2213-600x450.jpg 600w, https:\/\/www.sps-kadan.cz\/wp-content\/uploads\/2015\/01\/DSCN2213-700x525.jpg 700w, https:\/\/www.sps-kadan.cz\/wp-content\/uploads\/2015\/01\/DSCN2213.jpg 1024w\" sizes=\"(max-width: 200px) 100vw, 200px\" \/><\/a>\n\t\t\t<\/div><\/figure><figure class='gallery-item'>\n\t\t\t<div class='gallery-icon landscape'>\n\t\t\t\t<a href='https:\/\/www.sps-kadan.cz\/?attachment_id=1964'><img width=\"200\" height=\"150\" src=\"https:\/\/www.sps-kadan.cz\/wp-content\/uploads\/2015\/01\/DSCN2214-200x150.jpg\" class=\"attachment-medium size-medium\" alt=\"\" loading=\"lazy\" srcset=\"https:\/\/www.sps-kadan.cz\/wp-content\/uploads\/2015\/01\/DSCN2214-200x150.jpg 200w, https:\/\/www.sps-kadan.cz\/wp-content\/uploads\/2015\/01\/DSCN2214-600x450.jpg 600w, https:\/\/www.sps-kadan.cz\/wp-content\/uploads\/2015\/01\/DSCN2214-700x525.jpg 700w, https:\/\/www.sps-kadan.cz\/wp-content\/uploads\/2015\/01\/DSCN2214.jpg 1024w\" sizes=\"(max-width: 200px) 100vw, 200px\" \/><\/a>\n\t\t\t<\/div><\/figure><figure class='gallery-item'>\n\t\t\t<div class='gallery-icon landscape'>\n\t\t\t\t<a href='https:\/\/www.sps-kadan.cz\/?attachment_id=1965'><img width=\"200\" height=\"133\" src=\"https:\/\/www.sps-kadan.cz\/wp-content\/uploads\/2015\/01\/CEEC_Research_Setkani_lidru_ceskeho_stavebnictvi_2014_13-200x133.jpg\" class=\"attachment-medium size-medium\" alt=\"\" loading=\"lazy\" srcset=\"https:\/\/www.sps-kadan.cz\/wp-content\/uploads\/2015\/01\/CEEC_Research_Setkani_lidru_ceskeho_stavebnictvi_2014_13-200x133.jpg 200w, https:\/\/www.sps-kadan.cz\/wp-content\/uploads\/2015\/01\/CEEC_Research_Setkani_lidru_ceskeho_stavebnictvi_2014_13-600x399.jpg 600w, https:\/\/www.sps-kadan.cz\/wp-content\/uploads\/2015\/01\/CEEC_Research_Setkani_lidru_ceskeho_stavebnictvi_2014_13-700x466.jpg 700w, https:\/\/www.sps-kadan.cz\/wp-content\/uploads\/2015\/01\/CEEC_Research_Setkani_lidru_ceskeho_stavebnictvi_2014_13.jpg 1600w\" sizes=\"(max-width: 200px) 100vw, 200px\" \/><\/a>\n\t\t\t<\/div><\/figure>\n\t\t<\/div>\n\n","protected":false},"excerpt":{"rendered":"<p>Ve \u010dtvrtek 29. kv\u011btna se v budov\u011b \u010cesk\u00e9 n\u00e1rodn\u00ed banky v Praze uskute\u010dnilo setk\u00e1n\u00ed l\u00eddr\u016f \u010desk\u00e9ho stavebnictv\u00ed za \u00fa\u010dasti prezidenta \u010cR Milo\u0161e Zemana, p\u0159edsedy vl\u00e1dy <a class=\"more-link\" href=\"https:\/\/www.sps-kadan.cz\/?p=1961\">Cel\u00fd \u010dl\u00e1nek  <span class=\"screen-reader-text\">  Setk\u00e1n\u00ed l\u00eddr\u016f \u010desk\u00e9ho stavebnictv\u00ed 2014<\/span><span class=\"meta-nav\">&rarr;<\/span><\/a><\/p>\n","protected":false},"author":6,"featured_media":1963,"comment_status":"closed","ping_status":"closed","sticky":false,"template":"","format":"standard","meta":[],"categories":[2,24,17],"tags":[],"_links":{"self":[{"href":"https:\/\/www.sps-kadan.cz\/index.php?rest_route=\/wp\/v2\/posts\/1961"}],"collection":[{"href":"https:\/\/www.sps-kadan.cz\/index.php?rest_route=\/wp\/v2\/posts"}],"about":[{"href":"https:\/\/www.sps-kadan.cz\/index.php?rest_route=\/wp\/v2\/types\/post"}],"author":[{"embeddable":true,"href":"https:\/\/www.sps-kadan.cz\/index.php?rest_route=\/wp\/v2\/users\/6"}],"replies":[{"embeddable":true,"href":"https:\/\/www.sps-kadan.cz\/index.php?rest_route=%2Fwp%2Fv2%2Fcomments&post=1961"}],"version-history":[{"count":1,"href":"https:\/\/www.sps-kadan.cz\/index.php?rest_route=\/wp\/v2\/posts\/1961\/revisions"}],"predecessor-version":[{"id":2821,"href":"https:\/\/www.sps-kadan.cz\/index.php?rest_route=\/wp\/v2\/posts\/1961\/revisions\/2821"}],"wp:featuredmedia":[{"embeddable":true,"href":"https:\/\/www.sps-kadan.cz\/index.php?rest_route=\/wp\/v2\/media\/1963"}],"wp:attachment":[{"href":"https:\/\/www.sps-kadan.cz\/index.php?rest_route=%2Fwp%2Fv2%2Fmedia&parent=1961"}],"wp:term":[{"taxonomy":"category","embeddable":true,"href":"https:\/\/www.sps-kadan.cz\/index.php?rest_route=%2Fwp%2Fv2%2Fcategories&post=1961"},{"taxonomy":"post_tag","embeddable":true,"href":"https:\/\/www.sps-kadan.cz\/index.php?rest_route=%2Fwp%2Fv2%2Ftags&post=1961"}],"curies":[{"name":"wp","href":"https:\/\/api.w.org\/{rel}","templated":true}]}}