{"id":2008,"date":"2014-11-03T11:21:26","date_gmt":"2014-11-03T10:21:26","guid":{"rendered":"http:\/\/www.sps-kadan.cz\/?p=2008"},"modified":"2015-01-30T12:00:09","modified_gmt":"2015-01-30T11:00:09","slug":"navsteva-galerie-josefa-lieslera","status":"publish","type":"post","link":"https:\/\/www.sps-kadan.cz\/?p=2008","title":{"rendered":"N\u00e1v\u0161t\u011bva galerie Josefa Lieslera"},"content":{"rendered":"<p>\u017d\u00e1ci t\u0159\u00eddy 1. A v\u00a0r\u00e1mci odborn\u00e9ho kreslen\u00ed nav\u0161t\u00edvili Galerii Josefa Lieslera, ve kter\u00e9 prob\u00edh\u00e1 v\u00fdstava v\u00fdtvarn\u00fdch d\u011bl pod n\u00e1zvem \u201eKada\u0148 v\u00a0prom\u011bn\u00e1ch \u010dasu\u201c.<\/p>\n<p>Jedn\u00e1 se o pr\u00e1ce \u017e\u00e1k\u016f a student\u016f st\u0159edn\u00edch, z\u00e1kladn\u00edch a mate\u0159sk\u00fdch \u0161kol. T\u00e9ma inspiroval jeden z\u00a0nejzn\u00e1m\u011bj\u0161\u00edch rod\u00e1k\u016f, Mikul\u00e1\u0161 z\u00a0Kadan\u011b, kter\u00fd sestavil Starom\u011bstsk\u00fd orloj.<\/p>\n<p>Prohl\u00eddka za\u010dala v\u00fdkladem a besedou o v\u00fdtvarn\u00e9m um\u011bn\u00ed, v\u00fdznamu galeri\u00ed a v\u00fdtvarn\u00e9ho um\u011bn\u00ed v\u016fbec. D\u011bkujeme z\u00e1stupc\u016fm Galerie za velmi n\u00e1padit\u00fd p\u0159\u00edstup k\u00a0\u017e\u00e1k\u016fm.<\/p>\n<p>Do sout\u011b\u017ee se sv\u00fdmi d\u00edly zapojili i \u017e\u00e1ci na\u0161\u00ed \u0161koly a dva obr\u00e1zky Petry Lo\u017eanov\u00e9 ze \u010dtvrt\u00e9ho ro\u010dn\u00edku m\u016f\u017eete v\u00a0galerii spat\u0159it. Gratulujeme.<\/p>\n<div id='gallery-1' class='gallery galleryid-2008 gallery-columns-1 gallery-size-large'><figure class='gallery-item'>\n\t\t\t<div class='gallery-icon landscape'>\n\t\t\t\t<a href='https:\/\/www.sps-kadan.cz\/?attachment_id=2009'><img width=\"530\" height=\"351\" src=\"https:\/\/www.sps-kadan.cz\/wp-content\/uploads\/2015\/01\/Vernis_Kadan_v_promenach_3.X.2014__10_DSC_ZH_0350_60_1-700x464.jpg\" class=\"attachment-large size-large\" alt=\"\" loading=\"lazy\" srcset=\"https:\/\/www.sps-kadan.cz\/wp-content\/uploads\/2015\/01\/Vernis_Kadan_v_promenach_3.X.2014__10_DSC_ZH_0350_60_1-700x464.jpg 700w, https:\/\/www.sps-kadan.cz\/wp-content\/uploads\/2015\/01\/Vernis_Kadan_v_promenach_3.X.2014__10_DSC_ZH_0350_60_1-600x397.jpg 600w, https:\/\/www.sps-kadan.cz\/wp-content\/uploads\/2015\/01\/Vernis_Kadan_v_promenach_3.X.2014__10_DSC_ZH_0350_60_1-200x132.jpg 200w\" sizes=\"(max-width: 530px) 100vw, 530px\" \/><\/a>\n\t\t\t<\/div><\/figure>\n\t\t<\/div>\n\n","protected":false},"excerpt":{"rendered":"<p>\u017d\u00e1ci t\u0159\u00eddy 1. A v\u00a0r\u00e1mci odborn\u00e9ho kreslen\u00ed nav\u0161t\u00edvili Galerii Josefa Lieslera, ve kter\u00e9 prob\u00edh\u00e1 v\u00fdstava v\u00fdtvarn\u00fdch d\u011bl pod n\u00e1zvem \u201eKada\u0148 v\u00a0prom\u011bn\u00e1ch \u010dasu\u201c. Jedn\u00e1 se o <a class=\"more-link\" href=\"https:\/\/www.sps-kadan.cz\/?p=2008\">Cel\u00fd \u010dl\u00e1nek  <span class=\"screen-reader-text\">  N\u00e1v\u0161t\u011bva galerie Josefa Lieslera<\/span><span class=\"meta-nav\">&rarr;<\/span><\/a><\/p>\n","protected":false},"author":6,"featured_media":0,"comment_status":"closed","ping_status":"closed","sticky":false,"template":"","format":"standard","meta":[],"categories":[2,28],"tags":[],"_links":{"self":[{"href":"https:\/\/www.sps-kadan.cz\/index.php?rest_route=\/wp\/v2\/posts\/2008"}],"collection":[{"href":"https:\/\/www.sps-kadan.cz\/index.php?rest_route=\/wp\/v2\/posts"}],"about":[{"href":"https:\/\/www.sps-kadan.cz\/index.php?rest_route=\/wp\/v2\/types\/post"}],"author":[{"embeddable":true,"href":"https:\/\/www.sps-kadan.cz\/index.php?rest_route=\/wp\/v2\/users\/6"}],"replies":[{"embeddable":true,"href":"https:\/\/www.sps-kadan.cz\/index.php?rest_route=%2Fwp%2Fv2%2Fcomments&post=2008"}],"version-history":[{"count":1,"href":"https:\/\/www.sps-kadan.cz\/index.php?rest_route=\/wp\/v2\/posts\/2008\/revisions"}],"predecessor-version":[{"id":2809,"href":"https:\/\/www.sps-kadan.cz\/index.php?rest_route=\/wp\/v2\/posts\/2008\/revisions\/2809"}],"wp:attachment":[{"href":"https:\/\/www.sps-kadan.cz\/index.php?rest_route=%2Fwp%2Fv2%2Fmedia&parent=2008"}],"wp:term":[{"taxonomy":"category","embeddable":true,"href":"https:\/\/www.sps-kadan.cz\/index.php?rest_route=%2Fwp%2Fv2%2Fcategories&post=2008"},{"taxonomy":"post_tag","embeddable":true,"href":"https:\/\/www.sps-kadan.cz\/index.php?rest_route=%2Fwp%2Fv2%2Ftags&post=2008"}],"curies":[{"name":"wp","href":"https:\/\/api.w.org\/{rel}","templated":true}]}}