{"id":2771,"date":"2015-01-30T11:32:24","date_gmt":"2015-01-30T10:32:24","guid":{"rendered":"http:\/\/www.sps-kadan.cz\/?p=2771"},"modified":"2015-01-30T12:38:01","modified_gmt":"2015-01-30T11:38:01","slug":"o-absolventy-kadanske-stavebni-prumyslovky-maji-zajem-v-nemecku","status":"publish","type":"post","link":"https:\/\/www.sps-kadan.cz\/?p=2771","title":{"rendered":"O absolventy kada\u0148sk\u00e9 stavebn\u00ed pr\u016fmyslovky maj\u00ed  z\u00e1jem  v  N\u011bmecku"},"content":{"rendered":"<div id='gallery-1' class='gallery galleryid-2771 gallery-columns-1 gallery-size-large'><figure class='gallery-item'>\n\t\t\t<div class='gallery-icon landscape'>\n\t\t\t\t<a href='https:\/\/www.sps-kadan.cz\/?attachment_id=2773'><img width=\"530\" height=\"398\" src=\"https:\/\/www.sps-kadan.cz\/wp-content\/uploads\/2015\/01\/13.1.15-031-700x525.jpg\" class=\"attachment-large size-large\" alt=\"\" loading=\"lazy\" srcset=\"https:\/\/www.sps-kadan.cz\/wp-content\/uploads\/2015\/01\/13.1.15-031-700x525.jpg 700w, https:\/\/www.sps-kadan.cz\/wp-content\/uploads\/2015\/01\/13.1.15-031-150x113.jpg 150w, https:\/\/www.sps-kadan.cz\/wp-content\/uploads\/2015\/01\/13.1.15-031-200x150.jpg 200w\" sizes=\"(max-width: 530px) 100vw, 530px\" \/><\/a>\n\t\t\t<\/div><\/figure>\n\t\t<\/div>\n\n<p style=\"text-align: justify;\">\u00a0V r\u00e1mci dlouholet\u00e9 spolupr\u00e1ce mezi\u00a0\u010ceskou komorou autorizovan\u00fdch in\u017een\u00fdr\u016f a technik\u016f \u010dinn\u00fdch ve v\u00fdstavb\u011b a In\u017een\u00fdrskou komorou Th\u00fcringen se v\u00a0polovin\u011b ledna (12. &#8211; 13. 1.2015) uskute\u010dnilo dvoudenn\u00ed jedn\u00e1n\u00ed p\u0159edstavitel\u016f obou komor a dal\u0161\u00edch v\u00fdznamn\u00fdch instituc\u00ed v\u00a0Karlov\u00fdch Varech a v\u00a0Kadani. Po pond\u011bln\u00edm jedn\u00e1n\u00ed v\u00a0Karlov\u00fdch Varech zam\u00ed\u0159ili n\u011bme\u010dt\u00ed host\u00e9 spole\u010dn\u011b s\u00a0p\u0159edstaviteli \u010cKAIT a karlovarsk\u00e9 krajsk\u00e9 pobo\u010dky \u00fa\u0159adu pr\u00e1ce na stavebn\u00ed pr\u016fmyslovku do Kadan\u011b. Po prohl\u00eddce \u0161koly, kdy se host\u00e9 zaj\u00edmali p\u0159edev\u0161\u00edm o v\u00fduku odborn\u00fdch p\u0159edm\u011bt\u016f a ciz\u00edch jazyk\u016f, \u00a0n\u00e1sledoval\u00a0 workshop,\u00a0 na kter\u00e9m vystoupili\u00a0 za \u010desk\u00e9 stava\u0159e viceprezident\u00a0 \u010cKAIT profesor \u00a0Ing.\u00a0 Alois Materna \u2013 z \u00a0V\u0160B \u2013 TU Ostrava a Ing. Svatopluk\u00a0 Z\u00eddek , za durynskou in\u017een\u00fdrskou komoru\u00a0 jej\u00ed\u00a0 viceprezident Karl Heinz Bartl, za Landesentwicklungsgesellschaft Th\u00fcringen Dr. Stefan Blechsmidt. Jedn\u00e1n\u00ed se z\u00fa\u010dastnil i starosta Kadan\u011b PaedDr. Kulh\u00e1nek. C\u00edlem jedn\u00e1n\u00ed bylo zmapov\u00e1n\u00ed mo\u017en\u00e9 spolupr\u00e1ce mezi kada\u0148skou \u0161kolou a durynsk\u00fdmi partnery. N\u00e1sledovalo setk\u00e1n\u00ed se studenty maturitn\u00edch t\u0159\u00edd. Z\u00e1stupci durynsk\u00e9 strany projevili velk\u00fd z\u00e1jem o zam\u011bstn\u00e1v\u00e1n\u00ed absolvent\u016f kada\u0148sk\u00e9 pr\u016fmyslovky v\u00a0n\u011bmeck\u00fdch firm\u00e1ch. Po podve\u010dern\u00ed prohl\u00eddce historick\u00fdch pam\u00e1tek v\u00a0centru m\u011bsta se duryn\u0161t\u00ed host\u00e9 lou\u010dili s\u00a0p\u0159esv\u011bd\u010den\u00edm,\u00a0 \u017ee byly polo\u017eeny z\u00e1klady\u00a0\u00a0 spolupr\u00e1ce, na kterou bude v\u00a0dal\u0161\u00edch m\u011bs\u00edc\u00edch mo\u017eno nav\u00e1zat.<\/p>\n<div id='gallery-2' class='gallery galleryid-2771 gallery-columns-2 gallery-size-medium'><figure class='gallery-item'>\n\t\t\t<div class='gallery-icon landscape'>\n\t\t\t\t<a href='https:\/\/www.sps-kadan.cz\/?attachment_id=2775'><img width=\"200\" height=\"150\" src=\"https:\/\/www.sps-kadan.cz\/wp-content\/uploads\/2015\/01\/13.1.15-032-200x150.jpg\" class=\"attachment-medium size-medium\" alt=\"\" loading=\"lazy\" srcset=\"https:\/\/www.sps-kadan.cz\/wp-content\/uploads\/2015\/01\/13.1.15-032-200x150.jpg 200w, https:\/\/www.sps-kadan.cz\/wp-content\/uploads\/2015\/01\/13.1.15-032-150x112.jpg 150w, https:\/\/www.sps-kadan.cz\/wp-content\/uploads\/2015\/01\/13.1.15-032-700x525.jpg 700w\" sizes=\"(max-width: 200px) 100vw, 200px\" \/><\/a>\n\t\t\t<\/div><\/figure><figure class='gallery-item'>\n\t\t\t<div class='gallery-icon landscape'>\n\t\t\t\t<a href='https:\/\/www.sps-kadan.cz\/?attachment_id=2774'><img width=\"200\" height=\"150\" src=\"https:\/\/www.sps-kadan.cz\/wp-content\/uploads\/2015\/01\/13.1.15-030-200x150.jpg\" class=\"attachment-medium size-medium\" alt=\"\" loading=\"lazy\" srcset=\"https:\/\/www.sps-kadan.cz\/wp-content\/uploads\/2015\/01\/13.1.15-030-200x150.jpg 200w, https:\/\/www.sps-kadan.cz\/wp-content\/uploads\/2015\/01\/13.1.15-030-150x113.jpg 150w, https:\/\/www.sps-kadan.cz\/wp-content\/uploads\/2015\/01\/13.1.15-030-700x525.jpg 700w\" sizes=\"(max-width: 200px) 100vw, 200px\" \/><\/a>\n\t\t\t<\/div><\/figure><figure class='gallery-item'>\n\t\t\t<div class='gallery-icon landscape'>\n\t\t\t\t<a href='https:\/\/www.sps-kadan.cz\/?attachment_id=2772'><img width=\"200\" height=\"150\" src=\"https:\/\/www.sps-kadan.cz\/wp-content\/uploads\/2015\/01\/13.1.15-005-200x150.jpg\" class=\"attachment-medium size-medium\" alt=\"\" loading=\"lazy\" srcset=\"https:\/\/www.sps-kadan.cz\/wp-content\/uploads\/2015\/01\/13.1.15-005-200x150.jpg 200w, https:\/\/www.sps-kadan.cz\/wp-content\/uploads\/2015\/01\/13.1.15-005-150x113.jpg 150w, https:\/\/www.sps-kadan.cz\/wp-content\/uploads\/2015\/01\/13.1.15-005-700x525.jpg 700w\" sizes=\"(max-width: 200px) 100vw, 200px\" \/><\/a>\n\t\t\t<\/div><\/figure><figure class='gallery-item'>\n\t\t\t<div class='gallery-icon landscape'>\n\t\t\t\t<a href='https:\/\/www.sps-kadan.cz\/?attachment_id=2776'><img width=\"200\" height=\"150\" src=\"https:\/\/www.sps-kadan.cz\/wp-content\/uploads\/2015\/01\/13.1.15-028-200x150.jpg\" class=\"attachment-medium size-medium\" alt=\"\" loading=\"lazy\" srcset=\"https:\/\/www.sps-kadan.cz\/wp-content\/uploads\/2015\/01\/13.1.15-028-200x150.jpg 200w, https:\/\/www.sps-kadan.cz\/wp-content\/uploads\/2015\/01\/13.1.15-028-150x113.jpg 150w, https:\/\/www.sps-kadan.cz\/wp-content\/uploads\/2015\/01\/13.1.15-028-700x525.jpg 700w, https:\/\/www.sps-kadan.cz\/wp-content\/uploads\/2015\/01\/13.1.15-028.jpg 2042w\" sizes=\"(max-width: 200px) 100vw, 200px\" \/><\/a>\n\t\t\t<\/div><\/figure>\n\t\t<\/div>\n\n","protected":false},"excerpt":{"rendered":"<p>\u00a0V r\u00e1mci dlouholet\u00e9 spolupr\u00e1ce mezi\u00a0\u010ceskou komorou autorizovan\u00fdch in\u017een\u00fdr\u016f a technik\u016f \u010dinn\u00fdch ve v\u00fdstavb\u011b a In\u017een\u00fdrskou komorou Th\u00fcringen se v\u00a0polovin\u011b ledna (12. &#8211; 13. 1.2015) uskute\u010dnilo <a class=\"more-link\" href=\"https:\/\/www.sps-kadan.cz\/?p=2771\">Cel\u00fd \u010dl\u00e1nek  <span class=\"screen-reader-text\">  O absolventy kada\u0148sk\u00e9 stavebn\u00ed pr\u016fmyslovky maj\u00ed  z\u00e1jem  v  N\u011bmecku<\/span><span class=\"meta-nav\">&rarr;<\/span><\/a><\/p>\n","protected":false},"author":6,"featured_media":2773,"comment_status":"closed","ping_status":"closed","sticky":false,"template":"","format":"standard","meta":[],"categories":[2,18,49,28],"tags":[],"_links":{"self":[{"href":"https:\/\/www.sps-kadan.cz\/index.php?rest_route=\/wp\/v2\/posts\/2771"}],"collection":[{"href":"https:\/\/www.sps-kadan.cz\/index.php?rest_route=\/wp\/v2\/posts"}],"about":[{"href":"https:\/\/www.sps-kadan.cz\/index.php?rest_route=\/wp\/v2\/types\/post"}],"author":[{"embeddable":true,"href":"https:\/\/www.sps-kadan.cz\/index.php?rest_route=\/wp\/v2\/users\/6"}],"replies":[{"embeddable":true,"href":"https:\/\/www.sps-kadan.cz\/index.php?rest_route=%2Fwp%2Fv2%2Fcomments&post=2771"}],"version-history":[{"count":3,"href":"https:\/\/www.sps-kadan.cz\/index.php?rest_route=\/wp\/v2\/posts\/2771\/revisions"}],"predecessor-version":[{"id":2889,"href":"https:\/\/www.sps-kadan.cz\/index.php?rest_route=\/wp\/v2\/posts\/2771\/revisions\/2889"}],"wp:featuredmedia":[{"embeddable":true,"href":"https:\/\/www.sps-kadan.cz\/index.php?rest_route=\/wp\/v2\/media\/2773"}],"wp:attachment":[{"href":"https:\/\/www.sps-kadan.cz\/index.php?rest_route=%2Fwp%2Fv2%2Fmedia&parent=2771"}],"wp:term":[{"taxonomy":"category","embeddable":true,"href":"https:\/\/www.sps-kadan.cz\/index.php?rest_route=%2Fwp%2Fv2%2Fcategories&post=2771"},{"taxonomy":"post_tag","embeddable":true,"href":"https:\/\/www.sps-kadan.cz\/index.php?rest_route=%2Fwp%2Fv2%2Ftags&post=2771"}],"curies":[{"name":"wp","href":"https:\/\/api.w.org\/{rel}","templated":true}]}}