{"id":3051,"date":"2015-03-27T08:38:49","date_gmt":"2015-03-27T07:38:49","guid":{"rendered":"http:\/\/www.sps-kadan.cz\/?p=3051"},"modified":"2015-03-27T11:49:36","modified_gmt":"2015-03-27T10:49:36","slug":"jazykova-olympiada-v-lounech","status":"publish","type":"post","link":"https:\/\/www.sps-kadan.cz\/?p=3051","title":{"rendered":"Jazykov\u00e1 olympi\u00e1da v Lounech"},"content":{"rendered":"<p style=\"text-align: left;\">Dne 24. b\u0159ezna 2015 se \u010dty\u0159i \u017e\u00e1ci na\u0161\u00ed \u0161koly spole\u010dn\u011b s\u00a0Ing. V. V\u00e1gnerovou, u\u010ditelkou n\u011bm\u010diny, z\u00fa\u010dastnili Jazykov\u00e9 olympi\u00e1dy SO\u0160 v\u00a0Lounech. Sout\u011b\u017e, kter\u00e1 prob\u00edhala na m\u00edstn\u00ed Obchodn\u00ed akademii a St\u0159edn\u00ed odborn\u00e9 \u0161kole gen. F. Fajtla, byla ur\u010dena \u017e\u00e1k\u016fm 1. \u2013 \u00a03. ro\u010dn\u00edk\u016f st\u0159edn\u00edch odborn\u00fdch \u0161kol \u00dasteck\u00e9ho kraje. Sout\u011b\u017ee se z\u00fa\u010dastnilo 17 n\u011bm\u010din\u00e1\u0159\u016f a 31 angli\u010dtin\u00e1\u0159\u016f z \u00dasteck\u00e9ho kraje. Obsah olympi\u00e1dy se sv\u00fdm slo\u017een\u00edm bl\u00ed\u017eil st\u00e1tn\u00ed maturit\u011b.\u00a0<strong>Krist\u00fdna Knopov\u00e1<\/strong> (2. OA) a <strong>Josef \u0160i\u0161ul\u00e1k<\/strong> (3. MS) reprezentovali \u0161kolu v\u00a0n\u011bm\u010din\u011b, dv\u011b \u017e\u00e1kyn\u011b z\u00a03. OA <strong>Nela Habenichtov\u00e1<\/strong> a <strong>Barbora Sl\u00e1mov\u00e1<\/strong> reprezentovaly \u0161kolu v\u00a0angli\u010dtin\u011b.D\u011bkujeme \u017e\u00e1k\u016fm za reprezentaci \u0161koly a blahop\u0159ejeme <strong>Barbo\u0159e Sl\u00e1mov\u00e9<\/strong> za obsazen\u00ed 6. \u2013 7. m\u00edsta v\u00a0sout\u011b\u017ei angli\u010dtin\u00e1\u0159\u016f.<\/p>\n<p style=\"text-align: left;\">Mgr. Michal Stejskal<\/p>\n","protected":false},"excerpt":{"rendered":"<p>Dne 24. b\u0159ezna 2015 se \u010dty\u0159i \u017e\u00e1ci na\u0161\u00ed \u0161koly spole\u010dn\u011b s\u00a0Ing. V. V\u00e1gnerovou, u\u010ditelkou n\u011bm\u010diny, z\u00fa\u010dastnili Jazykov\u00e9 olympi\u00e1dy SO\u0160 v\u00a0Lounech. Sout\u011b\u017e, kter\u00e1 prob\u00edhala na m\u00edstn\u00ed <a class=\"more-link\" href=\"https:\/\/www.sps-kadan.cz\/?p=3051\">Cel\u00fd \u010dl\u00e1nek  <span class=\"screen-reader-text\">  Jazykov\u00e1 olympi\u00e1da v Lounech<\/span><span class=\"meta-nav\">&rarr;<\/span><\/a><\/p>\n","protected":false},"author":6,"featured_media":0,"comment_status":"closed","ping_status":"closed","sticky":false,"template":"","format":"standard","meta":[],"categories":[2,19,28,15],"tags":[],"_links":{"self":[{"href":"https:\/\/www.sps-kadan.cz\/index.php?rest_route=\/wp\/v2\/posts\/3051"}],"collection":[{"href":"https:\/\/www.sps-kadan.cz\/index.php?rest_route=\/wp\/v2\/posts"}],"about":[{"href":"https:\/\/www.sps-kadan.cz\/index.php?rest_route=\/wp\/v2\/types\/post"}],"author":[{"embeddable":true,"href":"https:\/\/www.sps-kadan.cz\/index.php?rest_route=\/wp\/v2\/users\/6"}],"replies":[{"embeddable":true,"href":"https:\/\/www.sps-kadan.cz\/index.php?rest_route=%2Fwp%2Fv2%2Fcomments&post=3051"}],"version-history":[{"count":2,"href":"https:\/\/www.sps-kadan.cz\/index.php?rest_route=\/wp\/v2\/posts\/3051\/revisions"}],"predecessor-version":[{"id":3053,"href":"https:\/\/www.sps-kadan.cz\/index.php?rest_route=\/wp\/v2\/posts\/3051\/revisions\/3053"}],"wp:attachment":[{"href":"https:\/\/www.sps-kadan.cz\/index.php?rest_route=%2Fwp%2Fv2%2Fmedia&parent=3051"}],"wp:term":[{"taxonomy":"category","embeddable":true,"href":"https:\/\/www.sps-kadan.cz\/index.php?rest_route=%2Fwp%2Fv2%2Fcategories&post=3051"},{"taxonomy":"post_tag","embeddable":true,"href":"https:\/\/www.sps-kadan.cz\/index.php?rest_route=%2Fwp%2Fv2%2Ftags&post=3051"}],"curies":[{"name":"wp","href":"https:\/\/api.w.org\/{rel}","templated":true}]}}