{"id":3855,"date":"2016-04-19T11:31:35","date_gmt":"2016-04-19T10:31:35","guid":{"rendered":"http:\/\/www.sps-kadan.cz\/?p=3855"},"modified":"2016-04-25T13:27:09","modified_gmt":"2016-04-25T12:27:09","slug":"spoluprace-obchodnich-akademii-usteckeho-regionu-a-fse-ujep","status":"publish","type":"post","link":"https:\/\/www.sps-kadan.cz\/?p=3855","title":{"rendered":"Spolupr\u00e1ce obchodn\u00edch akademi\u00ed \u00fasteck\u00e9ho regionu a FSE UJEP"},"content":{"rendered":"<p style=\"text-align: justify;\">Krajsk\u00e1 sekce Asociace obchodn\u00edch akademi\u00ed \u010cR, kter\u00e1 sdru\u017euje dev\u011bt ve\u0159ejn\u00fdch \u0161kol zaji\u0161\u0165uj\u00edc\u00edch vzd\u011bl\u00e1v\u00e1n\u00ed v oborech obchodn\u00ed akademie a ekonomick\u00e9 lyceum v\u00a0\u00dasteck\u00e9m kraji, zah\u00e1jila spolupr\u00e1ci s\u00a0Fakultou soci\u00e1ln\u011b ekonomickou Univerzity J. E. Purkyn\u011b. Asociace tak nav\u00e1zala p\u0159edev\u0161\u00edm na zku\u0161enosti ze spolupr\u00e1ce n\u011bkter\u00fdch obchodn\u00edch akademi\u00ed s\u00a0\u00fasteck\u00fdmi akademiky: d\u011b\u010d\u00ednsk\u00e1, kada\u0148sk\u00e1 a \u00fasteck\u00e1 se nap\u0159\u00edklad zapojily do \u00fasp\u011b\u0161n\u00e9ho projektu, kter\u00fd fakulta realizovala pod n\u00e1zvem Centrum praktick\u00e9ho ekonomick\u00e9ho vzd\u011bl\u00e1v\u00e1n\u00ed v \u00dasteck\u00e9m kraji. Pedagogov\u00e9 z FSE se rovn\u011b\u017e v\u00fdrazn\u011b pod\u00edleli na p\u0159\u00edprav\u011b republikov\u00e9ho fin\u00e1le sout\u011b\u017ee obchodn\u00edch akademi\u00ed Ekonomick\u00fd t\u00fdm, kter\u00e9 po\u0159\u00e1dala \u00fasteck\u00e1 Obchodn\u00ed akademie.\u00a0 Pro \u017e\u00e1ky \u010dtvrt\u00fdch ro\u010dn\u00edk\u016f \u00fasteck\u00e9 Obchodn\u00ed akademie uskute\u010dnili pedagogov\u00e9 z FSE zaj\u00edmavou p\u0159edn\u00e1\u0161ku z\u00a0oblasti experiment\u00e1ln\u00ed ekonomie.<\/p>\n<p style=\"text-align: justify;\">Asociace pova\u017euje roz\u0161\u00ed\u0159en\u00ed spolupr\u00e1ce FSE se v\u0161emi obchodn\u00edmi akademiemi regionu za velmi p\u0159\u00ednosnou, proto\u017ee jej\u00edm c\u00edlem je udr\u017eet vysokou \u00farove\u0148 st\u0159edn\u00edho odborn\u00e9ho ekonomick\u00e9ho vzd\u011bl\u00e1v\u00e1n\u00ed. Na pl\u00e1novan\u00fdch akc\u00edch bude fakulta prezentovat sv\u016fj v\u011bdeck\u00fd i pedagogick\u00fd potenci\u00e1l: pro \u017e\u00e1ky obchodn\u00edch akademi\u00ed m\u00e1 p\u0159ipraveny atraktivn\u00ed v\u00fdukov\u00e9 moduly z oblasti trhu pr\u00e1ce, podnik\u00e1n\u00ed, \u0159\u00edzen\u00ed podniku, finan\u010dn\u00ed gramotnosti, PC gramotnosti a webu, soft skills i projektov\u00e9ho \u0159\u00edzen\u00ed. Pro u\u010ditele odborn\u00fdch p\u0159edm\u011bt\u016f se p\u0159ipravuj\u00ed workshopy roz\u0161i\u0159uj\u00edc\u00ed jejich odborn\u00e9 kompetence o nov\u00e9 p\u0159\u00edstupy p\u0159edev\u0161\u00edm v managementu a projektov\u00e9m \u0159\u00edzen\u00ed. Dlouhodob\u011b se tak\u00e9 po\u010d\u00edt\u00e1 se spoluprac\u00ed se z\u00e1kladn\u00edmi \u0161kolami regionu zejm\u00e9na v\u00a0oblasti finan\u010dn\u00ed gramotnosti.<\/p>\n<p style=\"text-align: justify;\">Ing. \u010cen\u011bk Celer<\/p>\n","protected":false},"excerpt":{"rendered":"<p>Krajsk\u00e1 sekce Asociace obchodn\u00edch akademi\u00ed \u010cR, kter\u00e1 sdru\u017euje dev\u011bt ve\u0159ejn\u00fdch \u0161kol zaji\u0161\u0165uj\u00edc\u00edch vzd\u011bl\u00e1v\u00e1n\u00ed v oborech obchodn\u00ed akademie a ekonomick\u00e9 lyceum v\u00a0\u00dasteck\u00e9m kraji, zah\u00e1jila spolupr\u00e1ci s\u00a0Fakultou <a class=\"more-link\" href=\"https:\/\/www.sps-kadan.cz\/?p=3855\">Cel\u00fd \u010dl\u00e1nek  <span class=\"screen-reader-text\">  Spolupr\u00e1ce obchodn\u00edch akademi\u00ed \u00fasteck\u00e9ho regionu a FSE UJEP<\/span><span class=\"meta-nav\">&rarr;<\/span><\/a><\/p>\n","protected":false},"author":6,"featured_media":0,"comment_status":"closed","ping_status":"closed","sticky":false,"template":"","format":"standard","meta":[],"categories":[2,19,37],"tags":[],"_links":{"self":[{"href":"https:\/\/www.sps-kadan.cz\/index.php?rest_route=\/wp\/v2\/posts\/3855"}],"collection":[{"href":"https:\/\/www.sps-kadan.cz\/index.php?rest_route=\/wp\/v2\/posts"}],"about":[{"href":"https:\/\/www.sps-kadan.cz\/index.php?rest_route=\/wp\/v2\/types\/post"}],"author":[{"embeddable":true,"href":"https:\/\/www.sps-kadan.cz\/index.php?rest_route=\/wp\/v2\/users\/6"}],"replies":[{"embeddable":true,"href":"https:\/\/www.sps-kadan.cz\/index.php?rest_route=%2Fwp%2Fv2%2Fcomments&post=3855"}],"version-history":[{"count":1,"href":"https:\/\/www.sps-kadan.cz\/index.php?rest_route=\/wp\/v2\/posts\/3855\/revisions"}],"predecessor-version":[{"id":3856,"href":"https:\/\/www.sps-kadan.cz\/index.php?rest_route=\/wp\/v2\/posts\/3855\/revisions\/3856"}],"wp:attachment":[{"href":"https:\/\/www.sps-kadan.cz\/index.php?rest_route=%2Fwp%2Fv2%2Fmedia&parent=3855"}],"wp:term":[{"taxonomy":"category","embeddable":true,"href":"https:\/\/www.sps-kadan.cz\/index.php?rest_route=%2Fwp%2Fv2%2Fcategories&post=3855"},{"taxonomy":"post_tag","embeddable":true,"href":"https:\/\/www.sps-kadan.cz\/index.php?rest_route=%2Fwp%2Fv2%2Ftags&post=3855"}],"curies":[{"name":"wp","href":"https:\/\/api.w.org\/{rel}","templated":true}]}}