{"id":3935,"date":"2016-06-16T08:43:13","date_gmt":"2016-06-16T07:43:13","guid":{"rendered":"http:\/\/www.sps-kadan.cz\/?p=3935"},"modified":"2016-06-16T08:43:13","modified_gmt":"2016-06-16T07:43:13","slug":"prohlidka-univerzitniho-centra-energeticky-efektivnich-budov-cvut","status":"publish","type":"post","link":"https:\/\/www.sps-kadan.cz\/?p=3935","title":{"rendered":"Prohl\u00eddka Univerzitn\u00edho centra energeticky efektivn\u00edch budov \u010cVUT"},"content":{"rendered":"<p>Cel\u00fd program exkurze byl organizov\u00e1n Stavebn\u00ed fakultou \u010cVUT.<\/p>\n<p style=\"text-align: justify;\"><strong>Informaci o studiu na Stavebn\u00ed fakult\u011b \u010cVUT<\/strong>. Podm\u00ednky pro p\u0159ijet\u00ed, mo\u017enosti v\u00fdb\u011bru obor\u016f a program studia na fakult\u011b. Zde k\u00a0\u017e\u00e1k\u016fm promluvil i b\u00fdval\u00fd student SP\u0160S a OA Kada\u0148 Jan Buchl\u00e1k, kter\u00fd ji\u017e na t\u00e9to \u0161kole studuje t\u0159et\u00edm rokem. Jeho vystoupen\u00ed bylo srde\u010dn\u00e9, p\u0159\u00e1telsk\u00e9 a snad i u\u017eite\u010dn\u00e9. \u017d\u00e1k\u016fm p\u0159edal n\u011bkolik rad, jak by se stali \u00fasp\u011b\u0161n\u00fdmi studenty na vysok\u00e9 \u0161kole. Z\u00e1v\u011brem prob\u011bhla diskuse.<\/p>\n<p style=\"text-align: justify;\"><strong>Prohl\u00eddka v\u00fdzkumn\u00e9ho \u00fastavu \u010cVUT<\/strong> &#8211;\u00a0 prob\u00edhala ve velmi p\u011bkn\u00e9 d\u0159ev\u011bn\u00e9 konstrukci. Zde se v\u00fdzkumu v\u011bnuj\u00ed nejlep\u0161\u00ed odborn\u00edci v\u00a0oblasti stavebnictv\u00ed, stroj\u00edrenstv\u00ed, elektrotechniky a biomedic\u00ednsk\u00e9ho in\u017een\u00fdrstv\u00ed. Tak\u017ee problematika energeticky efektivn\u00edch budov prob\u00edh\u00e1 komplexn\u011b \u2013 nap\u0159\u00ed\u010d v\u0161emi vyjmenovan\u00fdmi obory. C\u00edlem v\u00fdzkum\u016f je navrhnout a stav\u011bt v\u00a0budoucnu energeticky nen\u00e1ro\u010dn\u00e9 budovy samoz\u0159ejm\u011b v\u00a0souladu s\u00a0p\u0159\u00edrodou. Odborn\u00e1 prohl\u00eddka s v\u00fdkladem byla zam\u011b\u0159ena hlavn\u011b na z\u00e1kladn\u00ed zkou\u0161ky ve stavebnictv\u00ed v\u00a0prostor\u00e1ch v\u00fdzkumn\u00e9ho \u00fastavu.<\/p>\n<p style=\"text-align: justify;\"><a href=\"https:\/\/www.sps-kadan.cz\/wp-content\/uploads\/2016\/06\/IMG_4163.jpg\"><img loading=\"lazy\" class=\"alignnone size-medium wp-image-3936\" src=\"https:\/\/www.sps-kadan.cz\/wp-content\/uploads\/2016\/06\/IMG_4163-200x150.jpg\" alt=\"IMG_4163\" width=\"200\" height=\"150\" srcset=\"https:\/\/www.sps-kadan.cz\/wp-content\/uploads\/2016\/06\/IMG_4163-200x150.jpg 200w, https:\/\/www.sps-kadan.cz\/wp-content\/uploads\/2016\/06\/IMG_4163-150x113.jpg 150w, https:\/\/www.sps-kadan.cz\/wp-content\/uploads\/2016\/06\/IMG_4163-700x525.jpg 700w\" sizes=\"(max-width: 200px) 100vw, 200px\" \/><\/a> <a href=\"https:\/\/www.sps-kadan.cz\/wp-content\/uploads\/2016\/06\/IMG_4165.jpg\"><img loading=\"lazy\" class=\"alignnone size-medium wp-image-3937\" src=\"https:\/\/www.sps-kadan.cz\/wp-content\/uploads\/2016\/06\/IMG_4165-200x150.jpg\" alt=\"IMG_4165\" width=\"200\" height=\"150\" srcset=\"https:\/\/www.sps-kadan.cz\/wp-content\/uploads\/2016\/06\/IMG_4165-200x150.jpg 200w, https:\/\/www.sps-kadan.cz\/wp-content\/uploads\/2016\/06\/IMG_4165-150x113.jpg 150w, https:\/\/www.sps-kadan.cz\/wp-content\/uploads\/2016\/06\/IMG_4165-700x525.jpg 700w\" sizes=\"(max-width: 200px) 100vw, 200px\" \/><\/a> <a href=\"https:\/\/www.sps-kadan.cz\/wp-content\/uploads\/2016\/06\/IMG_4166.jpg\"><img loading=\"lazy\" class=\"alignnone size-medium wp-image-3938\" src=\"https:\/\/www.sps-kadan.cz\/wp-content\/uploads\/2016\/06\/IMG_4166-200x150.jpg\" alt=\"IMG_4166\" width=\"200\" height=\"150\" srcset=\"https:\/\/www.sps-kadan.cz\/wp-content\/uploads\/2016\/06\/IMG_4166-200x150.jpg 200w, https:\/\/www.sps-kadan.cz\/wp-content\/uploads\/2016\/06\/IMG_4166-150x113.jpg 150w, https:\/\/www.sps-kadan.cz\/wp-content\/uploads\/2016\/06\/IMG_4166-700x525.jpg 700w\" sizes=\"(max-width: 200px) 100vw, 200px\" \/><\/a><\/p>\n","protected":false},"excerpt":{"rendered":"<p>Cel\u00fd program exkurze byl organizov\u00e1n Stavebn\u00ed fakultou \u010cVUT. Informaci o studiu na Stavebn\u00ed fakult\u011b \u010cVUT. Podm\u00ednky pro p\u0159ijet\u00ed, mo\u017enosti v\u00fdb\u011bru obor\u016f a program studia na <a class=\"more-link\" href=\"https:\/\/www.sps-kadan.cz\/?p=3935\">Cel\u00fd \u010dl\u00e1nek  <span class=\"screen-reader-text\">  Prohl\u00eddka Univerzitn\u00edho centra energeticky efektivn\u00edch budov \u010cVUT<\/span><span class=\"meta-nav\">&rarr;<\/span><\/a><\/p>\n","protected":false},"author":6,"featured_media":0,"comment_status":"closed","ping_status":"closed","sticky":false,"template":"","format":"standard","meta":[],"categories":[2],"tags":[],"_links":{"self":[{"href":"https:\/\/www.sps-kadan.cz\/index.php?rest_route=\/wp\/v2\/posts\/3935"}],"collection":[{"href":"https:\/\/www.sps-kadan.cz\/index.php?rest_route=\/wp\/v2\/posts"}],"about":[{"href":"https:\/\/www.sps-kadan.cz\/index.php?rest_route=\/wp\/v2\/types\/post"}],"author":[{"embeddable":true,"href":"https:\/\/www.sps-kadan.cz\/index.php?rest_route=\/wp\/v2\/users\/6"}],"replies":[{"embeddable":true,"href":"https:\/\/www.sps-kadan.cz\/index.php?rest_route=%2Fwp%2Fv2%2Fcomments&post=3935"}],"version-history":[{"count":1,"href":"https:\/\/www.sps-kadan.cz\/index.php?rest_route=\/wp\/v2\/posts\/3935\/revisions"}],"predecessor-version":[{"id":3939,"href":"https:\/\/www.sps-kadan.cz\/index.php?rest_route=\/wp\/v2\/posts\/3935\/revisions\/3939"}],"wp:attachment":[{"href":"https:\/\/www.sps-kadan.cz\/index.php?rest_route=%2Fwp%2Fv2%2Fmedia&parent=3935"}],"wp:term":[{"taxonomy":"category","embeddable":true,"href":"https:\/\/www.sps-kadan.cz\/index.php?rest_route=%2Fwp%2Fv2%2Fcategories&post=3935"},{"taxonomy":"post_tag","embeddable":true,"href":"https:\/\/www.sps-kadan.cz\/index.php?rest_route=%2Fwp%2Fv2%2Ftags&post=3935"}],"curies":[{"name":"wp","href":"https:\/\/api.w.org\/{rel}","templated":true}]}}