{"id":4333,"date":"2016-12-02T09:04:05","date_gmt":"2016-12-02T08:04:05","guid":{"rendered":"http:\/\/www.sps-kadan.cz\/?p=4333"},"modified":"2017-05-03T12:51:01","modified_gmt":"2017-05-03T11:51:01","slug":"den-otevrenych-dveri-spojeny-s-oslavou-65-vyroci-zalozeni-stredni-prumyslove-skoly-stavebni","status":"publish","type":"post","link":"https:\/\/www.sps-kadan.cz\/?p=4333","title":{"rendered":"DEN OTEV\u0158EN\u00ddCH DVE\u0158\u00cd  spojen\u00fd s oslavou 65. v\u00fdro\u010d\u00ed zalo\u017een\u00ed St\u0159edn\u00ed pr\u016fmyslov\u00e9 \u0161koly stavebn\u00ed"},"content":{"rendered":"<p style=\"text-align: justify;\">V\u00a0sobotu 26. listopadu 2016 v\u00a0dob\u011b od 9.00 do 13.00 se uskute\u010dnila na SP\u0160S a OA v\u00a0Kadani dal\u0161\u00ed \u010d\u00e1st oslav 65. v\u00fdro\u010d\u00ed zalo\u017een\u00ed stavebn\u00ed pr\u016fmyslovky. V\u00fdro\u010d\u00ed \u0161koly, kter\u00e1 pat\u0159\u00ed mezi partnersk\u00e9 univerzitn\u00ed st\u0159edn\u00ed \u0161koly \u010cVUT, prob\u011bhlo ve znamen\u00ed dne otev\u0159en\u00fdch dve\u0159\u00ed. Byly zde vystaveny pr\u00e1ce sou\u010dasn\u00fdch i \u00a0b\u00fdval\u00fdch \u017e\u00e1k\u016f \u0161koly, dochovan\u00e1 maturitn\u00ed tabla i fotografie z\u00a0historie \u0161koly. Sou\u010d\u00e1st\u00ed oslav bylo i\u00a0p\u0159ipomenut\u00ed Dne stavitelstv\u00ed a architektury, kter\u00fd je tradi\u010dn\u011b po\u0159\u00e1d\u00e1n ve spolupr\u00e1ci s\u00a0\u010cKAIT. Zakladatel\u00e9 \u201eCeny absolvent\u016f\u201c rektor \u010cVUT Profesor Ing. Petr Konvalinka, CSc. a Ing. Miroslav Gabriel (oba absolventi SP\u0160S Kada\u0148) p\u0159edali ocen\u011bn\u00ed nejlep\u0161\u00edm student\u016fm stavebn\u00edch obor\u016f za uplynul\u00fd \u0161koln\u00ed rok. Ocen\u011bni byli \u017e\u00e1ci 4. ro\u010dn\u00edku oboru stavebnictv\u00ed Josef Hajm, Lenka Adamov\u00e1 a Hai Binh Nguyenov\u00e1. \u00a0P\u0159edstavitele \u010cKAIT reprezentovala delegace ve slo\u017een\u00ed Ing. Radek Hn\u00edzdil, \u0159editel kancel\u00e1\u0159e \u010cKAIT (absolvent kada\u0148sk\u00e9 pr\u016fmyslovky), tradi\u010dn\u011b Ing. Svatopluk Z\u00eddek (OK \u010cKAIT KV) tentokr\u00e1t se svoj\u00ed p\u0159edn\u00e1\u0161kou na t\u00e9ma \u201eStavby ocen\u011bn\u00e9 cenou \u010cKAIT\u201c a Ing. Tom\u00e1\u0161 Chrom\u00fd, Oblastn\u00ed pobo\u010dku \u010cSSI v\u00a0Karlov\u00fdch Varech jej\u00ed p\u0159edseda Ing. Jaroslav Korbel\u00e1\u0159. Z\u00e1stupci \u010cKAIT a \u010cSSI podarovali ocen\u011bn\u00e9 studenty knihami. Pot\u011b\u0161iteln\u00e1 byla vysok\u00e1 \u00fa\u010dast nejen\u00a0 b\u00fdval\u00fdch student\u016f a\u00a0 pedagog\u016f, provozn\u00edch zam\u011bstnanc\u016f, ale i p\u0159\u00edpadn\u00fdch z\u00e1jemc\u016f o studium a p\u0159edev\u0161\u00edm z\u00e1stupc\u016f v\u00fdznamn\u00fdch firem z\u00a0oblasti stavebnictv\u00ed, kte\u0159\u00ed projevili z\u00e1jem o roz\u0161\u00ed\u0159en\u00ed spolupr\u00e1ce se \u0161kolou. Velmi nad\u011bjn\u011b se jev\u00ed budouc\u00ed spolupr\u00e1ce s\u00a0firmou Metrostav. Ke zkvalitn\u011bn\u00ed vybaven\u00ed \u0161koly u\u010debn\u00edmi pom\u016fckami chce p\u0159isp\u011bt tak\u00e9 Reframo KZK a.s. Kada\u0148. Z\u00fa\u010dastn\u011bn\u00ed host\u00e9 m\u011bli shodou okolnost\u00ed mo\u017enost po ukon\u010den\u00ed n\u00e1v\u0161t\u011bvy \u0161koly, nav\u0161t\u00edvit i slavnostn\u00ed zah\u00e1jen\u00ed Adventu na historick\u00e9m kada\u0148sk\u00e9m n\u00e1m\u011bst\u00ed. Akce po\u0159\u00e1dan\u00e9 k\u00a0v\u00fdro\u010d\u00ed \u0161koly podpo\u0159il \u00dasteck\u00fd kraj i m\u00edstn\u00ed stavebn\u00ed firmy a Kabelov\u00e1 televize Kada\u0148.<\/p>\n<p style=\"text-align: left;\"><a href=\"https:\/\/www.sps-kadan.cz\/wp-content\/uploads\/2016\/12\/\u0160kola-65-011.jpg\"><img loading=\"lazy\" class=\"alignnone size-medium wp-image-4336\" src=\"https:\/\/www.sps-kadan.cz\/wp-content\/uploads\/2016\/12\/\u0160kola-65-011-200x150.jpg\" alt=\"\u0160kola 65 011\" width=\"200\" height=\"150\" srcset=\"https:\/\/www.sps-kadan.cz\/wp-content\/uploads\/2016\/12\/\u0160kola-65-011-200x150.jpg 200w, https:\/\/www.sps-kadan.cz\/wp-content\/uploads\/2016\/12\/\u0160kola-65-011-150x113.jpg 150w, https:\/\/www.sps-kadan.cz\/wp-content\/uploads\/2016\/12\/\u0160kola-65-011-700x525.jpg 700w, https:\/\/www.sps-kadan.cz\/wp-content\/uploads\/2016\/12\/\u0160kola-65-011.jpg 1000w\" sizes=\"(max-width: 200px) 100vw, 200px\" \/><\/a> <a href=\"https:\/\/www.sps-kadan.cz\/wp-content\/uploads\/2016\/12\/\u0160kola-65-025.jpg\"><img loading=\"lazy\" class=\"alignnone size-medium wp-image-4337\" src=\"https:\/\/www.sps-kadan.cz\/wp-content\/uploads\/2016\/12\/\u0160kola-65-025-200x150.jpg\" alt=\"\u0160kola 65 025\" width=\"200\" height=\"150\" srcset=\"https:\/\/www.sps-kadan.cz\/wp-content\/uploads\/2016\/12\/\u0160kola-65-025-200x150.jpg 200w, https:\/\/www.sps-kadan.cz\/wp-content\/uploads\/2016\/12\/\u0160kola-65-025-150x113.jpg 150w, https:\/\/www.sps-kadan.cz\/wp-content\/uploads\/2016\/12\/\u0160kola-65-025-700x525.jpg 700w, https:\/\/www.sps-kadan.cz\/wp-content\/uploads\/2016\/12\/\u0160kola-65-025.jpg 1000w\" sizes=\"(max-width: 200px) 100vw, 200px\" \/><\/a> <a href=\"https:\/\/www.sps-kadan.cz\/wp-content\/uploads\/2016\/12\/\u0160kola-65-031.jpg\"><img loading=\"lazy\" class=\"alignnone size-medium wp-image-4338\" src=\"https:\/\/www.sps-kadan.cz\/wp-content\/uploads\/2016\/12\/\u0160kola-65-031-200x150.jpg\" alt=\"\u0160kola 65 031\" width=\"200\" height=\"150\" srcset=\"https:\/\/www.sps-kadan.cz\/wp-content\/uploads\/2016\/12\/\u0160kola-65-031-200x150.jpg 200w, https:\/\/www.sps-kadan.cz\/wp-content\/uploads\/2016\/12\/\u0160kola-65-031-150x113.jpg 150w, https:\/\/www.sps-kadan.cz\/wp-content\/uploads\/2016\/12\/\u0160kola-65-031-700x525.jpg 700w, https:\/\/www.sps-kadan.cz\/wp-content\/uploads\/2016\/12\/\u0160kola-65-031.jpg 1000w\" sizes=\"(max-width: 200px) 100vw, 200px\" \/><\/a> <a href=\"https:\/\/www.sps-kadan.cz\/wp-content\/uploads\/2016\/12\/\u0160kola-65-106.jpg\"><img loading=\"lazy\" class=\"alignnone size-medium wp-image-4339\" src=\"https:\/\/www.sps-kadan.cz\/wp-content\/uploads\/2016\/12\/\u0160kola-65-106-200x150.jpg\" alt=\"\u0160kola 65 106\" width=\"200\" height=\"150\" srcset=\"https:\/\/www.sps-kadan.cz\/wp-content\/uploads\/2016\/12\/\u0160kola-65-106-200x150.jpg 200w, https:\/\/www.sps-kadan.cz\/wp-content\/uploads\/2016\/12\/\u0160kola-65-106-150x113.jpg 150w, https:\/\/www.sps-kadan.cz\/wp-content\/uploads\/2016\/12\/\u0160kola-65-106-700x525.jpg 700w, https:\/\/www.sps-kadan.cz\/wp-content\/uploads\/2016\/12\/\u0160kola-65-106.jpg 1000w\" sizes=\"(max-width: 200px) 100vw, 200px\" \/><\/a> <a href=\"https:\/\/www.sps-kadan.cz\/wp-content\/uploads\/2016\/12\/\u0160kola-65-135.jpg\"><img loading=\"lazy\" class=\"alignnone size-medium wp-image-4340\" src=\"https:\/\/www.sps-kadan.cz\/wp-content\/uploads\/2016\/12\/\u0160kola-65-135-200x150.jpg\" alt=\"\u0160kola 65 135\" width=\"200\" height=\"150\" srcset=\"https:\/\/www.sps-kadan.cz\/wp-content\/uploads\/2016\/12\/\u0160kola-65-135-200x150.jpg 200w, https:\/\/www.sps-kadan.cz\/wp-content\/uploads\/2016\/12\/\u0160kola-65-135-150x113.jpg 150w, https:\/\/www.sps-kadan.cz\/wp-content\/uploads\/2016\/12\/\u0160kola-65-135-700x525.jpg 700w, https:\/\/www.sps-kadan.cz\/wp-content\/uploads\/2016\/12\/\u0160kola-65-135.jpg 1000w\" sizes=\"(max-width: 200px) 100vw, 200px\" \/><\/a> <a href=\"https:\/\/www.sps-kadan.cz\/wp-content\/uploads\/2016\/12\/\u0160kola-65-144.jpg\"><img loading=\"lazy\" class=\"alignnone size-medium wp-image-4341\" src=\"https:\/\/www.sps-kadan.cz\/wp-content\/uploads\/2016\/12\/\u0160kola-65-144-150x200.jpg\" alt=\"\u0160kola 65 144\" width=\"150\" height=\"200\" srcset=\"https:\/\/www.sps-kadan.cz\/wp-content\/uploads\/2016\/12\/\u0160kola-65-144-150x200.jpg 150w, https:\/\/www.sps-kadan.cz\/wp-content\/uploads\/2016\/12\/\u0160kola-65-144-113x150.jpg 113w, https:\/\/www.sps-kadan.cz\/wp-content\/uploads\/2016\/12\/\u0160kola-65-144-525x700.jpg 525w, https:\/\/www.sps-kadan.cz\/wp-content\/uploads\/2016\/12\/\u0160kola-65-144.jpg 750w\" sizes=\"(max-width: 150px) 100vw, 150px\" \/><\/a><\/p>\n","protected":false},"excerpt":{"rendered":"<p>V\u00a0sobotu 26. listopadu 2016 v\u00a0dob\u011b od 9.00 do 13.00 se uskute\u010dnila na SP\u0160S a OA v\u00a0Kadani dal\u0161\u00ed \u010d\u00e1st oslav 65. v\u00fdro\u010d\u00ed zalo\u017een\u00ed stavebn\u00ed pr\u016fmyslovky. V\u00fdro\u010d\u00ed <a class=\"more-link\" href=\"https:\/\/www.sps-kadan.cz\/?p=4333\">Cel\u00fd \u010dl\u00e1nek  <span class=\"screen-reader-text\">  DEN OTEV\u0158EN\u00ddCH DVE\u0158\u00cd  spojen\u00fd s oslavou 65. v\u00fdro\u010d\u00ed zalo\u017een\u00ed St\u0159edn\u00ed pr\u016fmyslov\u00e9 \u0161koly stavebn\u00ed<\/span><span class=\"meta-nav\">&rarr;<\/span><\/a><\/p>\n","protected":false},"author":6,"featured_media":0,"comment_status":"closed","ping_status":"closed","sticky":false,"template":"","format":"standard","meta":[],"categories":[2],"tags":[],"_links":{"self":[{"href":"https:\/\/www.sps-kadan.cz\/index.php?rest_route=\/wp\/v2\/posts\/4333"}],"collection":[{"href":"https:\/\/www.sps-kadan.cz\/index.php?rest_route=\/wp\/v2\/posts"}],"about":[{"href":"https:\/\/www.sps-kadan.cz\/index.php?rest_route=\/wp\/v2\/types\/post"}],"author":[{"embeddable":true,"href":"https:\/\/www.sps-kadan.cz\/index.php?rest_route=\/wp\/v2\/users\/6"}],"replies":[{"embeddable":true,"href":"https:\/\/www.sps-kadan.cz\/index.php?rest_route=%2Fwp%2Fv2%2Fcomments&post=4333"}],"version-history":[{"count":4,"href":"https:\/\/www.sps-kadan.cz\/index.php?rest_route=\/wp\/v2\/posts\/4333\/revisions"}],"predecessor-version":[{"id":4343,"href":"https:\/\/www.sps-kadan.cz\/index.php?rest_route=\/wp\/v2\/posts\/4333\/revisions\/4343"}],"wp:attachment":[{"href":"https:\/\/www.sps-kadan.cz\/index.php?rest_route=%2Fwp%2Fv2%2Fmedia&parent=4333"}],"wp:term":[{"taxonomy":"category","embeddable":true,"href":"https:\/\/www.sps-kadan.cz\/index.php?rest_route=%2Fwp%2Fv2%2Fcategories&post=4333"},{"taxonomy":"post_tag","embeddable":true,"href":"https:\/\/www.sps-kadan.cz\/index.php?rest_route=%2Fwp%2Fv2%2Ftags&post=4333"}],"curies":[{"name":"wp","href":"https:\/\/api.w.org\/{rel}","templated":true}]}}