{"id":4609,"date":"2017-06-22T11:44:35","date_gmt":"2017-06-22T10:44:35","guid":{"rendered":"http:\/\/www.sps-kadan.cz\/?p=4609"},"modified":"2017-11-10T12:48:25","modified_gmt":"2017-11-10T11:48:25","slug":"uspesne-vystoupeni-zaku-kadanske-stavebky-v-karlovych-varech","status":"publish","type":"post","link":"https:\/\/www.sps-kadan.cz\/?p=4609","title":{"rendered":"\u00dasp\u011b\u0161n\u00e9 vystoupen\u00ed \u017e\u00e1k\u016f kada\u0148sk\u00e9 stavebky  v Karlov\u00fdch Varech"},"content":{"rendered":"<p style=\"text-align: justify;\">Druh\u00fd \u010dervnov\u00fd t\u00fdden v\u00a0Karlov\u00fdch Varech byl op\u011bt ve znamen\u00ed akc\u00ed spojen\u00fdch s\u00a0tradi\u010dn\u00edmi Dny stavebnictv\u00ed a architektury Karlovarsk\u00e9ho kraje. Presti\u017en\u00ed mezin\u00e1rodn\u00ed konference M\u011bstsk\u00e9 in\u017een\u00fdrstv\u00ed se aktivn\u011b \u00fa\u010dastn\u00ed\u00a0 vrcholn\u00ed p\u0159edstavitel\u00e9 stava\u0159sk\u00fdch komor\u00a0 \u0159ady st\u00e1t\u016f Evropy (letos se zapojil i z\u00e1stupce\u00a0 Nov\u00e9ho Z\u00e9landu). D\u00edky dlouholet\u00e9 spolupr\u00e1ci mezi OP \u010cKAIT Karlovy Vary a\u00a0\u00a0 SP\u0160 stavebn\u00ed v\u00a0Kadani ji \u00a0mohou bezplatn\u011b\u00a0 nav\u0161t\u00edvit i \u017e\u00e1ci stavebn\u00edch obor\u016f s\u00a0pedagogick\u00fdm doprovodem. Vedle \u00a0dal\u0161\u00edch doprovodn\u00fdch akc\u00ed se uskute\u010dnil 21. ro\u010dn\u00edk sout\u011b\u017ee st\u0159edn\u00edch pr\u016fmyslov\u00fdch \u0161kol stavebn\u00edch. V\u00a0sout\u011b\u017ei dru\u017estev \u010desk\u00e9ho severoz\u00e1padu\u00a0 letos kada\u0148\u0161t\u00ed na medaili nedos\u00e1hli, ale nej\u00fasp\u011b\u0161n\u011bj\u0161\u00edm autorem ro\u010dn\u00edkov\u00e9 pr\u00e1ce ( projektu rodinn\u00e9ho domu) se stal\u00a0 Michal Fencl, \u017e\u00e1k 3.ro\u010dn\u00edku kada\u0148sk\u00e9 pr\u016fmyslovky. Ocen\u011bn\u00ed Michalovi i ostatn\u00edm \u00a0\u00fasp\u011b\u0161n\u00fdm sout\u011b\u017e\u00edc\u00edm p\u0159edali na slavnostn\u00edm ve\u010deru v\u00a0Karlovarsk\u00e9m m\u011bstsk\u00e9m divadle pan\u00ed poslankyn\u011b Mark\u00e9ta Wernerov\u00e1 a rektor \u010cVUT v\u00a0Praze Petr Konvalinka.<\/p>\n<p style=\"text-align: justify;\"><a href=\"https:\/\/www.sps-kadan.cz\/wp-content\/uploads\/2017\/06\/P1150034.jpg\"><img loading=\"lazy\" class=\"alignnone size-thumbnail wp-image-4610\" src=\"https:\/\/www.sps-kadan.cz\/wp-content\/uploads\/2017\/06\/P1150034-150x113.jpg\" alt=\"P1150034\" width=\"150\" height=\"113\" srcset=\"https:\/\/www.sps-kadan.cz\/wp-content\/uploads\/2017\/06\/P1150034-150x113.jpg 150w, https:\/\/www.sps-kadan.cz\/wp-content\/uploads\/2017\/06\/P1150034-200x150.jpg 200w, https:\/\/www.sps-kadan.cz\/wp-content\/uploads\/2017\/06\/P1150034-700x525.jpg 700w, https:\/\/www.sps-kadan.cz\/wp-content\/uploads\/2017\/06\/P1150034.jpg 1000w\" sizes=\"(max-width: 150px) 100vw, 150px\" \/><\/a> <a href=\"https:\/\/www.sps-kadan.cz\/wp-content\/uploads\/2017\/06\/P1150061.jpg\"><img loading=\"lazy\" class=\"alignnone size-thumbnail wp-image-4611\" src=\"https:\/\/www.sps-kadan.cz\/wp-content\/uploads\/2017\/06\/P1150061-150x113.jpg\" alt=\"P1150061\" width=\"150\" height=\"113\" srcset=\"https:\/\/www.sps-kadan.cz\/wp-content\/uploads\/2017\/06\/P1150061-150x113.jpg 150w, https:\/\/www.sps-kadan.cz\/wp-content\/uploads\/2017\/06\/P1150061-200x150.jpg 200w, https:\/\/www.sps-kadan.cz\/wp-content\/uploads\/2017\/06\/P1150061-700x525.jpg 700w, https:\/\/www.sps-kadan.cz\/wp-content\/uploads\/2017\/06\/P1150061.jpg 1000w\" sizes=\"(max-width: 150px) 100vw, 150px\" \/><\/a> <a href=\"https:\/\/www.sps-kadan.cz\/wp-content\/uploads\/2017\/06\/P1150063.jpg\"><img loading=\"lazy\" class=\"alignnone size-thumbnail wp-image-4612\" src=\"https:\/\/www.sps-kadan.cz\/wp-content\/uploads\/2017\/06\/P1150063-150x113.jpg\" alt=\"P1150063\" width=\"150\" height=\"113\" srcset=\"https:\/\/www.sps-kadan.cz\/wp-content\/uploads\/2017\/06\/P1150063-150x113.jpg 150w, https:\/\/www.sps-kadan.cz\/wp-content\/uploads\/2017\/06\/P1150063-200x150.jpg 200w, https:\/\/www.sps-kadan.cz\/wp-content\/uploads\/2017\/06\/P1150063-700x525.jpg 700w, https:\/\/www.sps-kadan.cz\/wp-content\/uploads\/2017\/06\/P1150063.jpg 1000w\" sizes=\"(max-width: 150px) 100vw, 150px\" \/><\/a><\/p>\n","protected":false},"excerpt":{"rendered":"<p>Druh\u00fd \u010dervnov\u00fd t\u00fdden v\u00a0Karlov\u00fdch Varech byl op\u011bt ve znamen\u00ed akc\u00ed spojen\u00fdch s\u00a0tradi\u010dn\u00edmi Dny stavebnictv\u00ed a architektury Karlovarsk\u00e9ho kraje. Presti\u017en\u00ed mezin\u00e1rodn\u00ed konference M\u011bstsk\u00e9 in\u017een\u00fdrstv\u00ed se aktivn\u011b <a class=\"more-link\" href=\"https:\/\/www.sps-kadan.cz\/?p=4609\">Cel\u00fd \u010dl\u00e1nek  <span class=\"screen-reader-text\">  \u00dasp\u011b\u0161n\u00e9 vystoupen\u00ed \u017e\u00e1k\u016f kada\u0148sk\u00e9 stavebky  v Karlov\u00fdch Varech<\/span><span class=\"meta-nav\">&rarr;<\/span><\/a><\/p>\n","protected":false},"author":6,"featured_media":0,"comment_status":"closed","ping_status":"closed","sticky":false,"template":"","format":"standard","meta":[],"categories":[2],"tags":[],"_links":{"self":[{"href":"https:\/\/www.sps-kadan.cz\/index.php?rest_route=\/wp\/v2\/posts\/4609"}],"collection":[{"href":"https:\/\/www.sps-kadan.cz\/index.php?rest_route=\/wp\/v2\/posts"}],"about":[{"href":"https:\/\/www.sps-kadan.cz\/index.php?rest_route=\/wp\/v2\/types\/post"}],"author":[{"embeddable":true,"href":"https:\/\/www.sps-kadan.cz\/index.php?rest_route=\/wp\/v2\/users\/6"}],"replies":[{"embeddable":true,"href":"https:\/\/www.sps-kadan.cz\/index.php?rest_route=%2Fwp%2Fv2%2Fcomments&post=4609"}],"version-history":[{"count":1,"href":"https:\/\/www.sps-kadan.cz\/index.php?rest_route=\/wp\/v2\/posts\/4609\/revisions"}],"predecessor-version":[{"id":4613,"href":"https:\/\/www.sps-kadan.cz\/index.php?rest_route=\/wp\/v2\/posts\/4609\/revisions\/4613"}],"wp:attachment":[{"href":"https:\/\/www.sps-kadan.cz\/index.php?rest_route=%2Fwp%2Fv2%2Fmedia&parent=4609"}],"wp:term":[{"taxonomy":"category","embeddable":true,"href":"https:\/\/www.sps-kadan.cz\/index.php?rest_route=%2Fwp%2Fv2%2Fcategories&post=4609"},{"taxonomy":"post_tag","embeddable":true,"href":"https:\/\/www.sps-kadan.cz\/index.php?rest_route=%2Fwp%2Fv2%2Ftags&post=4609"}],"curies":[{"name":"wp","href":"https:\/\/api.w.org\/{rel}","templated":true}]}}