{"id":4779,"date":"2017-11-27T13:02:14","date_gmt":"2017-11-27T12:02:14","guid":{"rendered":"http:\/\/www.sps-kadan.cz\/?p=4779"},"modified":"2018-01-30T08:16:04","modified_gmt":"2018-01-30T07:16:04","slug":"veslovaci-trenazer-na-nasi-skole","status":"publish","type":"post","link":"https:\/\/www.sps-kadan.cz\/?p=4779","title":{"rendered":"Veslovac\u00ed trena\u017e\u00e9r na na\u0161\u00ed \u0161kole"},"content":{"rendered":"<p style=\"text-align: justify;\">Zaj\u00edmav\u00e9 zpest\u0159en\u00ed hodin t\u011blesn\u00e9 v\u00fdchovy za\u017eili \u017e\u00e1ci 1. ro\u010dn\u00edku minul\u00fd t\u00fdden. V\u00a0r\u00e1mci projektu \u201e\u010cesko vesluje\u201c p\u0159ijeli do \u0161koly z\u00e1stupci spolku Labe ar\u00e9na, z.s. a p\u0159ivezli s\u00a0sebou 5 veslovac\u00edch trena\u017e\u00e9r\u016f. Jak se na nich tr\u00e9nuje, p\u0159edvedl \u017e\u00e1k\u016fm bronzov\u00fd medailista z\u00a0olympijsk\u00fdch her v\u00a0Montrealu a Moskv\u011b Zden\u011bk Pecka. Po na\u0161ich \u017e\u00e1c\u00edch si je vyzkou\u0161eli tak\u00e9 \u017e\u00e1ci Z\u0160 Chomutovsk\u00e1. Jeden z\u00a0p\u0159edv\u00e1d\u011bn\u00fdch trena\u017e\u00e9r\u016f byl \u0161kole zap\u016fj\u010den a bude vyu\u017e\u00edv\u00e1n p\u0159edev\u0161\u00edm p\u0159i hodin\u00e1ch t\u011blesn\u00e9 v\u00fdchovy.<\/p>\n<ul>\n<li style=\"padding-left: 30px; text-align: left;\"><a href=\"https:\/\/www.sps-kadan.cz\/wp-content\/uploads\/2017\/11\/3G1B8093.jpg\"><img loading=\"lazy\" class=\"alignnone size-thumbnail wp-image-4789\" src=\"https:\/\/www.sps-kadan.cz\/wp-content\/uploads\/2017\/11\/3G1B8093-150x100.jpg\" alt=\"3G1B8093\" width=\"150\" height=\"100\" srcset=\"https:\/\/www.sps-kadan.cz\/wp-content\/uploads\/2017\/11\/3G1B8093-150x100.jpg 150w, https:\/\/www.sps-kadan.cz\/wp-content\/uploads\/2017\/11\/3G1B8093-200x133.jpg 200w, https:\/\/www.sps-kadan.cz\/wp-content\/uploads\/2017\/11\/3G1B8093-700x467.jpg 700w\" sizes=\"(max-width: 150px) 100vw, 150px\" \/><\/a>\u00a0 \u00a0 \u00a0 \u00a0<a href=\"https:\/\/www.sps-kadan.cz\/wp-content\/uploads\/2017\/11\/3G1B8092.jpg\"><img loading=\"lazy\" class=\"alignnone size-thumbnail wp-image-4781\" src=\"https:\/\/www.sps-kadan.cz\/wp-content\/uploads\/2017\/11\/3G1B8092-150x100.jpg\" alt=\"3G1B8092\" width=\"150\" height=\"100\" srcset=\"https:\/\/www.sps-kadan.cz\/wp-content\/uploads\/2017\/11\/3G1B8092-150x100.jpg 150w, https:\/\/www.sps-kadan.cz\/wp-content\/uploads\/2017\/11\/3G1B8092-200x133.jpg 200w, https:\/\/www.sps-kadan.cz\/wp-content\/uploads\/2017\/11\/3G1B8092-700x467.jpg 700w\" sizes=\"(max-width: 150px) 100vw, 150px\" \/><\/a>\u00a0\u00a0<a href=\"https:\/\/www.sps-kadan.cz\/wp-content\/uploads\/2017\/11\/3G1B8089.jpg\"><img loading=\"lazy\" class=\"alignnone size-thumbnail wp-image-4780\" src=\"https:\/\/www.sps-kadan.cz\/wp-content\/uploads\/2017\/11\/3G1B8089-150x100.jpg\" alt=\"3G1B8089\" width=\"150\" height=\"100\" srcset=\"https:\/\/www.sps-kadan.cz\/wp-content\/uploads\/2017\/11\/3G1B8089-150x100.jpg 150w, https:\/\/www.sps-kadan.cz\/wp-content\/uploads\/2017\/11\/3G1B8089-200x133.jpg 200w, https:\/\/www.sps-kadan.cz\/wp-content\/uploads\/2017\/11\/3G1B8089-700x467.jpg 700w\" sizes=\"(max-width: 150px) 100vw, 150px\" \/><img loading=\"lazy\" class=\" size-thumbnail wp-image-4783 alignleft\" src=\"https:\/\/www.sps-kadan.cz\/wp-content\/uploads\/2017\/11\/3G1B8105-150x100.jpg\" alt=\"3G1B8105\" width=\"150\" height=\"100\" srcset=\"https:\/\/www.sps-kadan.cz\/wp-content\/uploads\/2017\/11\/3G1B8105-150x100.jpg 150w, https:\/\/www.sps-kadan.cz\/wp-content\/uploads\/2017\/11\/3G1B8105-200x133.jpg 200w, https:\/\/www.sps-kadan.cz\/wp-content\/uploads\/2017\/11\/3G1B8105-700x467.jpg 700w\" sizes=\"(max-width: 150px) 100vw, 150px\" \/><\/a><\/li>\n<\/ul>\n","protected":false},"excerpt":{"rendered":"<p>Zaj\u00edmav\u00e9 zpest\u0159en\u00ed hodin t\u011blesn\u00e9 v\u00fdchovy za\u017eili \u017e\u00e1ci 1. ro\u010dn\u00edku minul\u00fd t\u00fdden. V\u00a0r\u00e1mci projektu \u201e\u010cesko vesluje\u201c p\u0159ijeli do \u0161koly z\u00e1stupci spolku Labe ar\u00e9na, z.s. a p\u0159ivezli <a class=\"more-link\" href=\"https:\/\/www.sps-kadan.cz\/?p=4779\">Cel\u00fd \u010dl\u00e1nek  <span class=\"screen-reader-text\">  Veslovac\u00ed trena\u017e\u00e9r na na\u0161\u00ed \u0161kole<\/span><span class=\"meta-nav\">&rarr;<\/span><\/a><\/p>\n","protected":false},"author":6,"featured_media":0,"comment_status":"closed","ping_status":"closed","sticky":false,"template":"","format":"standard","meta":[],"categories":[2],"tags":[],"_links":{"self":[{"href":"https:\/\/www.sps-kadan.cz\/index.php?rest_route=\/wp\/v2\/posts\/4779"}],"collection":[{"href":"https:\/\/www.sps-kadan.cz\/index.php?rest_route=\/wp\/v2\/posts"}],"about":[{"href":"https:\/\/www.sps-kadan.cz\/index.php?rest_route=\/wp\/v2\/types\/post"}],"author":[{"embeddable":true,"href":"https:\/\/www.sps-kadan.cz\/index.php?rest_route=\/wp\/v2\/users\/6"}],"replies":[{"embeddable":true,"href":"https:\/\/www.sps-kadan.cz\/index.php?rest_route=%2Fwp%2Fv2%2Fcomments&post=4779"}],"version-history":[{"count":9,"href":"https:\/\/www.sps-kadan.cz\/index.php?rest_route=\/wp\/v2\/posts\/4779\/revisions"}],"predecessor-version":[{"id":4793,"href":"https:\/\/www.sps-kadan.cz\/index.php?rest_route=\/wp\/v2\/posts\/4779\/revisions\/4793"}],"wp:attachment":[{"href":"https:\/\/www.sps-kadan.cz\/index.php?rest_route=%2Fwp%2Fv2%2Fmedia&parent=4779"}],"wp:term":[{"taxonomy":"category","embeddable":true,"href":"https:\/\/www.sps-kadan.cz\/index.php?rest_route=%2Fwp%2Fv2%2Fcategories&post=4779"},{"taxonomy":"post_tag","embeddable":true,"href":"https:\/\/www.sps-kadan.cz\/index.php?rest_route=%2Fwp%2Fv2%2Ftags&post=4779"}],"curies":[{"name":"wp","href":"https:\/\/api.w.org\/{rel}","templated":true}]}}