{"id":4795,"date":"2017-12-01T10:21:29","date_gmt":"2017-12-01T09:21:29","guid":{"rendered":"http:\/\/www.sps-kadan.cz\/?p=4795"},"modified":"2018-01-30T08:15:54","modified_gmt":"2018-01-30T07:15:54","slug":"mlady-ekonom","status":"publish","type":"post","link":"https:\/\/www.sps-kadan.cz\/?p=4795","title":{"rendered":"Mlad\u00fd ekonom"},"content":{"rendered":"<p style=\"text-align: justify;\">30. listopadu 2017 prob\u011bhlo na na\u0161\u00ed \u0161kole m\u00edstn\u00ed kolo 1. ro\u010dn\u00edku sout\u011b\u017ee \u201eMlad\u00fd ekonom \u00dasteck\u00e9ho kraje\u201c, kterou organizuje Asociace obchodn\u00edch akademi\u00ed v\u00a0\u00dasteck\u00e9m kraji. Sout\u011b\u017e je ur\u010dena pro \u017e\u00e1ky 8. a 9. t\u0159\u00edd z\u00e1kladn\u00edch \u0161kol, je pojata jako sout\u011b\u017e t\u00fdmov\u00e1. N\u00e1pln\u00ed sout\u011b\u017ee jsou rodinn\u00e9 finance, pen\u00edze a finan\u010dn\u00ed produkty. Hlavn\u00edm c\u00edlem sout\u011b\u017ee je zv\u00fd\u0161it pov\u011bdom\u00ed mlad\u00fdch lid\u00ed o finan\u010dn\u00edm hospoda\u0159en\u00ed. M\u00edstn\u00edho kola se z\u00fa\u010dastnilo 7 t\u00fdm\u016f z\u00a05 z\u00e1kladn\u00edch \u0161kol z\u00a0Kadan\u011b a Kl\u00e1\u0161terce nad Oh\u0159\u00ed. V\u00edt\u011bzn\u00fd t\u00fdm z\u00a01.\u00a0Z\u0160 Kada\u0148, ve slo\u017een\u00ed Petr Mare\u0161, Vojt\u011bch Nov\u00e1k, Anna Mariya Moysh, postupuje do krajsk\u00e9ho kola, kter\u00e9 se uskute\u010dn\u00ed 15. 12. 2017 v\u00a0\u00dast\u00ed nad Labem. Jako doprovodn\u00fd program si pro \u00fa\u010dastn\u00edky sout\u011b\u017ee p\u0159ipravili \u017e\u00e1ci 4. ro\u010dn\u00edku Obchodn\u00ed akademie veletrh fiktivn\u00edch firem. Ceny pro prvn\u00ed t\u0159i t\u00fdmy a upom\u00ednkov\u00e9 p\u0159edm\u011bty pro ostatn\u00ed sout\u011b\u017e\u00edc\u00ed v\u011bnovalo M\u011bsto Kada\u0148. Sout\u011b\u017e finan\u010dn\u011b podpo\u0159il \u00dasteck\u00fd kraj.<\/p>\n<p style=\"text-align: justify;\">\u00a0<a href=\"https:\/\/www.sps-kadan.cz\/wp-content\/uploads\/2017\/12\/fotka124.jpg\"><img loading=\"lazy\" class=\"alignnone size-thumbnail wp-image-4799\" src=\"https:\/\/www.sps-kadan.cz\/wp-content\/uploads\/2017\/12\/fotka124-150x113.jpg\" alt=\"fotka124\" width=\"150\" height=\"113\" srcset=\"https:\/\/www.sps-kadan.cz\/wp-content\/uploads\/2017\/12\/fotka124-150x113.jpg 150w, https:\/\/www.sps-kadan.cz\/wp-content\/uploads\/2017\/12\/fotka124-200x150.jpg 200w, https:\/\/www.sps-kadan.cz\/wp-content\/uploads\/2017\/12\/fotka124-700x525.jpg 700w\" sizes=\"(max-width: 150px) 100vw, 150px\" \/><\/a> <a href=\"https:\/\/www.sps-kadan.cz\/wp-content\/uploads\/2017\/12\/fotka115-1.jpg\"><img loading=\"lazy\" class=\"alignnone size-thumbnail wp-image-4798\" src=\"https:\/\/www.sps-kadan.cz\/wp-content\/uploads\/2017\/12\/fotka115-1-150x113.jpg\" alt=\"fotka115 (1)\" width=\"150\" height=\"113\" srcset=\"https:\/\/www.sps-kadan.cz\/wp-content\/uploads\/2017\/12\/fotka115-1-150x113.jpg 150w, https:\/\/www.sps-kadan.cz\/wp-content\/uploads\/2017\/12\/fotka115-1-200x150.jpg 200w, https:\/\/www.sps-kadan.cz\/wp-content\/uploads\/2017\/12\/fotka115-1-700x525.jpg 700w\" sizes=\"(max-width: 150px) 100vw, 150px\" \/><\/a> <a href=\"https:\/\/www.sps-kadan.cz\/wp-content\/uploads\/2017\/12\/fotka104.jpg\"><img loading=\"lazy\" class=\"alignnone size-thumbnail wp-image-4797\" src=\"https:\/\/www.sps-kadan.cz\/wp-content\/uploads\/2017\/12\/fotka104-150x113.jpg\" alt=\"fotka104\" width=\"150\" height=\"113\" srcset=\"https:\/\/www.sps-kadan.cz\/wp-content\/uploads\/2017\/12\/fotka104-150x113.jpg 150w, https:\/\/www.sps-kadan.cz\/wp-content\/uploads\/2017\/12\/fotka104-200x150.jpg 200w, https:\/\/www.sps-kadan.cz\/wp-content\/uploads\/2017\/12\/fotka104-700x525.jpg 700w\" sizes=\"(max-width: 150px) 100vw, 150px\" \/><\/a><a href=\"https:\/\/www.sps-kadan.cz\/wp-content\/uploads\/2017\/12\/fotka104.jpg\">\u00a0<\/a><\/p>\n","protected":false},"excerpt":{"rendered":"<p>30. listopadu 2017 prob\u011bhlo na na\u0161\u00ed \u0161kole m\u00edstn\u00ed kolo 1. ro\u010dn\u00edku sout\u011b\u017ee \u201eMlad\u00fd ekonom \u00dasteck\u00e9ho kraje\u201c, kterou organizuje Asociace obchodn\u00edch akademi\u00ed v\u00a0\u00dasteck\u00e9m kraji. Sout\u011b\u017e je <a class=\"more-link\" href=\"https:\/\/www.sps-kadan.cz\/?p=4795\">Cel\u00fd \u010dl\u00e1nek  <span class=\"screen-reader-text\">  Mlad\u00fd ekonom<\/span><span class=\"meta-nav\">&rarr;<\/span><\/a><\/p>\n","protected":false},"author":6,"featured_media":0,"comment_status":"closed","ping_status":"closed","sticky":false,"template":"","format":"standard","meta":[],"categories":[2],"tags":[],"_links":{"self":[{"href":"https:\/\/www.sps-kadan.cz\/index.php?rest_route=\/wp\/v2\/posts\/4795"}],"collection":[{"href":"https:\/\/www.sps-kadan.cz\/index.php?rest_route=\/wp\/v2\/posts"}],"about":[{"href":"https:\/\/www.sps-kadan.cz\/index.php?rest_route=\/wp\/v2\/types\/post"}],"author":[{"embeddable":true,"href":"https:\/\/www.sps-kadan.cz\/index.php?rest_route=\/wp\/v2\/users\/6"}],"replies":[{"embeddable":true,"href":"https:\/\/www.sps-kadan.cz\/index.php?rest_route=%2Fwp%2Fv2%2Fcomments&post=4795"}],"version-history":[{"count":4,"href":"https:\/\/www.sps-kadan.cz\/index.php?rest_route=\/wp\/v2\/posts\/4795\/revisions"}],"predecessor-version":[{"id":4823,"href":"https:\/\/www.sps-kadan.cz\/index.php?rest_route=\/wp\/v2\/posts\/4795\/revisions\/4823"}],"wp:attachment":[{"href":"https:\/\/www.sps-kadan.cz\/index.php?rest_route=%2Fwp%2Fv2%2Fmedia&parent=4795"}],"wp:term":[{"taxonomy":"category","embeddable":true,"href":"https:\/\/www.sps-kadan.cz\/index.php?rest_route=%2Fwp%2Fv2%2Fcategories&post=4795"},{"taxonomy":"post_tag","embeddable":true,"href":"https:\/\/www.sps-kadan.cz\/index.php?rest_route=%2Fwp%2Fv2%2Ftags&post=4795"}],"curies":[{"name":"wp","href":"https:\/\/api.w.org\/{rel}","templated":true}]}}