{"id":5102,"date":"2018-06-21T12:58:02","date_gmt":"2018-06-21T11:58:02","guid":{"rendered":"http:\/\/www.sps-kadan.cz\/?p=5102"},"modified":"2018-09-12T13:18:42","modified_gmt":"2018-09-12T12:18:42","slug":"informace-pro-zaky-budoucich-1-rocniku-a-zakonne-zastupce","status":"publish","type":"post","link":"https:\/\/www.sps-kadan.cz\/?p=5102","title":{"rendered":"Informace pro \u017e\u00e1ky budouc\u00edch 1. ro\u010dn\u00edk\u016f a z\u00e1konn\u00e9 z\u00e1stupce"},"content":{"rendered":"<p style=\"text-align: justify;\">P\u0159ijat\u00fdm uchaze\u010d\u016fm, kte\u0159\u00ed n\u00e1m odevzd\u00e1n\u00edm z\u00e1pisov\u00e9ho l\u00edstku potvrdili sv\u016fj \u00famysl vzd\u011bl\u00e1vat se v na\u0161\u00ed st\u0159edn\u00ed \u0161kole, za\u010d\u00edn\u00e1 v\u00fduka 3. z\u00e1\u0159\u00ed 2018 od\u00a08:00 hodin.<\/p>\n<p style=\"text-align: justify;\">T\u0159\u00edda, do kter\u00e9 byl \u017e\u00e1k za\u0159azen, bude naps\u00e1na na n\u00e1st\u011bnce ve vestibulu \u0161koly 3.\u00a09. 2018.<\/p>\n<p style=\"text-align: justify;\">Ka\u017ed\u00fd \u017e\u00e1k obdr\u017e\u00ed na za\u010d\u00e1tku \u0161koln\u00edho roku potvrzen\u00ed o studiu a m\u016f\u017ee si nechat potvrdit pr\u016fkazky na dopravu.<\/p>\n<p style=\"text-align: justify;\">Sch\u016fzka veden\u00ed \u0161koly s\u00a0rodi\u010di \u017e\u00e1k\u016f 1. ro\u010dn\u00edk\u016f se uskute\u010dn\u00ed v\u00a0m\u011bs\u00edci z\u00e1\u0159\u00ed.<\/p>\n<p style=\"text-align: justify;\">Vzhledem k\u00a0tomu, \u017ee na\u0161e \u0161kola byla op\u011bt vybr\u00e1na do seznamu sp\u00e1dov\u00fdch \u0161kol pro podzimn\u00ed term\u00edn maturitn\u00edch zkou\u0161ek, bude organizace vyu\u010dov\u00e1n\u00ed v\u00a0prvn\u00edm t\u00fddnu v\u00a0z\u00e1\u0159\u00ed 2018 p\u0159izp\u016fsobena jednotn\u00e9mu zku\u0161ebn\u00edmu sch\u00e9matu stanoven\u00e9mu M\u0160MT \u010cR.<\/p>\n","protected":false},"excerpt":{"rendered":"<p>P\u0159ijat\u00fdm uchaze\u010d\u016fm, kte\u0159\u00ed n\u00e1m odevzd\u00e1n\u00edm z\u00e1pisov\u00e9ho l\u00edstku potvrdili sv\u016fj \u00famysl vzd\u011bl\u00e1vat se v na\u0161\u00ed st\u0159edn\u00ed \u0161kole, za\u010d\u00edn\u00e1 v\u00fduka 3. z\u00e1\u0159\u00ed 2018 od\u00a08:00 hodin. T\u0159\u00edda, do <a class=\"more-link\" href=\"https:\/\/www.sps-kadan.cz\/?p=5102\">Cel\u00fd \u010dl\u00e1nek  <span class=\"screen-reader-text\">  Informace pro \u017e\u00e1ky budouc\u00edch 1. ro\u010dn\u00edk\u016f a z\u00e1konn\u00e9 z\u00e1stupce<\/span><span class=\"meta-nav\">&rarr;<\/span><\/a><\/p>\n","protected":false},"author":6,"featured_media":0,"comment_status":"closed","ping_status":"closed","sticky":false,"template":"","format":"standard","meta":[],"categories":[2],"tags":[],"_links":{"self":[{"href":"https:\/\/www.sps-kadan.cz\/index.php?rest_route=\/wp\/v2\/posts\/5102"}],"collection":[{"href":"https:\/\/www.sps-kadan.cz\/index.php?rest_route=\/wp\/v2\/posts"}],"about":[{"href":"https:\/\/www.sps-kadan.cz\/index.php?rest_route=\/wp\/v2\/types\/post"}],"author":[{"embeddable":true,"href":"https:\/\/www.sps-kadan.cz\/index.php?rest_route=\/wp\/v2\/users\/6"}],"replies":[{"embeddable":true,"href":"https:\/\/www.sps-kadan.cz\/index.php?rest_route=%2Fwp%2Fv2%2Fcomments&post=5102"}],"version-history":[{"count":1,"href":"https:\/\/www.sps-kadan.cz\/index.php?rest_route=\/wp\/v2\/posts\/5102\/revisions"}],"predecessor-version":[{"id":5103,"href":"https:\/\/www.sps-kadan.cz\/index.php?rest_route=\/wp\/v2\/posts\/5102\/revisions\/5103"}],"wp:attachment":[{"href":"https:\/\/www.sps-kadan.cz\/index.php?rest_route=%2Fwp%2Fv2%2Fmedia&parent=5102"}],"wp:term":[{"taxonomy":"category","embeddable":true,"href":"https:\/\/www.sps-kadan.cz\/index.php?rest_route=%2Fwp%2Fv2%2Fcategories&post=5102"},{"taxonomy":"post_tag","embeddable":true,"href":"https:\/\/www.sps-kadan.cz\/index.php?rest_route=%2Fwp%2Fv2%2Ftags&post=5102"}],"curies":[{"name":"wp","href":"https:\/\/api.w.org\/{rel}","templated":true}]}}