{"id":5682,"date":"2019-11-26T12:55:27","date_gmt":"2019-11-26T11:55:27","guid":{"rendered":"http:\/\/www.sps-kadan.cz\/?p=5682"},"modified":"2020-09-24T09:36:31","modified_gmt":"2020-09-24T08:36:31","slug":"den-stavitelstvi-a-architektury-na-spss-a-oa-kadan","status":"publish","type":"post","link":"https:\/\/www.sps-kadan.cz\/?p=5682","title":{"rendered":"Den stavitelstv\u00ed a architektury na SP\u0160S a OA Kada\u0148"},"content":{"rendered":"\n<p>V&nbsp;sobotu 23. 11. prob\u011bhl na SP\u0160S a OA v&nbsp;Kadani tradi\u010dn\u00ed Den stavitelstv\u00ed a architektury. &nbsp;Z\u00e1jemci o&nbsp;studium i&nbsp;ve\u0159ejnost m\u011bli mo\u017enost proj\u00edt si \u0161kolu, ale byli tak\u00e9 u&nbsp;vyhl\u00e1\u0161en\u00ed v\u00fdsledk\u016f sout\u011b\u017ee \u0160kola sn\u016f, do kter\u00e9 se zapojili \u017e\u00e1ci z\u00e1kladn\u00edch \u0161kol nejen z&nbsp;Kadan\u011b, ale nap\u0159. i z&nbsp;Jirkova \u010di Mostu.  <br>T\u0159em vybran\u00fdm student\u016fm p\u0159edal Cenu absolvent\u016f p\u0159edseda Technologick\u00e9 agentury \u010cesk\u00e9 republiky a emeritn\u00ed rektor \u010cVUT Petr Konvalinka. Za reprezentaci na sout\u011b\u017ei pr\u016fmyslovek \u010desk\u00e9ho severoz\u00e1padu v&nbsp;Karlov\u00fdch Varech, \u00fa\u010dast v&nbsp;projektu Krajsk\u00e1 odysea se zam\u011b\u0159en\u00edm na stavebnictv\u00ed a jeho propagaci na z\u00e1kladn\u00edch \u0161kol\u00e1ch z\u00edskal prvn\u00ed m\u00edsto Martin Motl\u00edk, druh\u00e9 Radek Dosko\u010dil a t\u0159et\u00ed Vojt\u011bch K\u016frka ze 4.&nbsp;A.  <br>V\u011bcn\u00fdmi cenami pro ocen\u011bn\u00e9 p\u0159isp\u011bly tak\u00e9 M\u011bsto Kada\u0148, \u00dasteck\u00fd kraj, \u010cSSI, \u010cKAIT a firma Swietelsky stavebn\u00ed s.r.o.  <br>O zachr\u00e1n\u011bn\u00fdch &nbsp;industri\u00e1ln\u00edch pam\u00e1tk\u00e1ch ve venkovsk\u00e9m prost\u0159ed\u00ed pohovo\u0159il Svatopluk Z\u00eddek z&nbsp;\u010cKAIT a prezentace zakon\u010dil Martin Motl\u00edk svoj\u00ed prac\u00ed v\u011bnovanou pam\u00e1tk\u00e1m barokn\u00ed Kadan\u011b. <\/p>\n\n\n\n<p><a href=\"https:\/\/chomutovsky.denik.cz\/zpravy_region\/kadan-umisti-zahradu-na-stenu-rozjela-take-zelenou-spolupraci-s-akademiky-20191123.html\">&nbsp;<\/a><\/p>\n\n\n\n<figure class=\"wp-block-image\"><img loading=\"lazy\" width=\"700\" height=\"340\" src=\"https:\/\/www.sps-kadan.cz\/wp-content\/uploads\/2019\/11\/4-700x340.jpg\" alt=\"\" class=\"wp-image-5687\" srcset=\"https:\/\/www.sps-kadan.cz\/wp-content\/uploads\/2019\/11\/4-700x340.jpg 700w, https:\/\/www.sps-kadan.cz\/wp-content\/uploads\/2019\/11\/4-150x73.jpg 150w, https:\/\/www.sps-kadan.cz\/wp-content\/uploads\/2019\/11\/4-200x97.jpg 200w, https:\/\/www.sps-kadan.cz\/wp-content\/uploads\/2019\/11\/4-768x373.jpg 768w\" sizes=\"(max-width: 700px) 100vw, 700px\" \/><\/figure>\n\n\n\n<figure class=\"wp-block-image\"><img loading=\"lazy\" width=\"700\" height=\"340\" src=\"https:\/\/www.sps-kadan.cz\/wp-content\/uploads\/2019\/11\/1-700x340.jpg\" alt=\"\" class=\"wp-image-5684\" srcset=\"https:\/\/www.sps-kadan.cz\/wp-content\/uploads\/2019\/11\/1-700x340.jpg 700w, https:\/\/www.sps-kadan.cz\/wp-content\/uploads\/2019\/11\/1-150x73.jpg 150w, https:\/\/www.sps-kadan.cz\/wp-content\/uploads\/2019\/11\/1-200x97.jpg 200w, https:\/\/www.sps-kadan.cz\/wp-content\/uploads\/2019\/11\/1-768x373.jpg 768w\" sizes=\"(max-width: 700px) 100vw, 700px\" \/><\/figure>\n\n\n\n<figure class=\"wp-block-image\"><img loading=\"lazy\" width=\"700\" height=\"340\" src=\"https:\/\/www.sps-kadan.cz\/wp-content\/uploads\/2019\/11\/2-700x340.jpg\" alt=\"\" class=\"wp-image-5685\" srcset=\"https:\/\/www.sps-kadan.cz\/wp-content\/uploads\/2019\/11\/2-700x340.jpg 700w, https:\/\/www.sps-kadan.cz\/wp-content\/uploads\/2019\/11\/2-150x73.jpg 150w, https:\/\/www.sps-kadan.cz\/wp-content\/uploads\/2019\/11\/2-200x97.jpg 200w, https:\/\/www.sps-kadan.cz\/wp-content\/uploads\/2019\/11\/2-768x373.jpg 768w\" sizes=\"(max-width: 700px) 100vw, 700px\" \/><\/figure>\n\n\n\n<figure class=\"wp-block-image\"><img loading=\"lazy\" width=\"700\" height=\"340\" src=\"https:\/\/www.sps-kadan.cz\/wp-content\/uploads\/2019\/11\/3-700x340.jpg\" alt=\"\" class=\"wp-image-5686\" srcset=\"https:\/\/www.sps-kadan.cz\/wp-content\/uploads\/2019\/11\/3-700x340.jpg 700w, https:\/\/www.sps-kadan.cz\/wp-content\/uploads\/2019\/11\/3-150x73.jpg 150w, https:\/\/www.sps-kadan.cz\/wp-content\/uploads\/2019\/11\/3-200x97.jpg 200w, https:\/\/www.sps-kadan.cz\/wp-content\/uploads\/2019\/11\/3-768x373.jpg 768w\" sizes=\"(max-width: 700px) 100vw, 700px\" \/><\/figure>\n\n\n\n<figure class=\"wp-block-image\"><img loading=\"lazy\" width=\"700\" height=\"340\" src=\"https:\/\/www.sps-kadan.cz\/wp-content\/uploads\/2019\/11\/5-700x340.jpg\" alt=\"\" class=\"wp-image-5690\" srcset=\"https:\/\/www.sps-kadan.cz\/wp-content\/uploads\/2019\/11\/5-700x340.jpg 700w, https:\/\/www.sps-kadan.cz\/wp-content\/uploads\/2019\/11\/5-150x73.jpg 150w, https:\/\/www.sps-kadan.cz\/wp-content\/uploads\/2019\/11\/5-200x97.jpg 200w, https:\/\/www.sps-kadan.cz\/wp-content\/uploads\/2019\/11\/5-768x373.jpg 768w\" sizes=\"(max-width: 700px) 100vw, 700px\" \/><\/figure>\n","protected":false},"excerpt":{"rendered":"<p>V&nbsp;sobotu 23. 11. prob\u011bhl na SP\u0160S a OA v&nbsp;Kadani tradi\u010dn\u00ed Den stavitelstv\u00ed a architektury. &nbsp;Z\u00e1jemci o&nbsp;studium i&nbsp;ve\u0159ejnost m\u011bli mo\u017enost proj\u00edt si \u0161kolu, ale byli tak\u00e9 <a class=\"more-link\" href=\"https:\/\/www.sps-kadan.cz\/?p=5682\">Cel\u00fd \u010dl\u00e1nek  <span class=\"screen-reader-text\">  Den stavitelstv\u00ed a architektury na SP\u0160S a OA Kada\u0148<\/span><span class=\"meta-nav\">&rarr;<\/span><\/a><\/p>\n","protected":false},"author":6,"featured_media":0,"comment_status":"closed","ping_status":"closed","sticky":false,"template":"","format":"standard","meta":[],"categories":[2],"tags":[],"_links":{"self":[{"href":"https:\/\/www.sps-kadan.cz\/index.php?rest_route=\/wp\/v2\/posts\/5682"}],"collection":[{"href":"https:\/\/www.sps-kadan.cz\/index.php?rest_route=\/wp\/v2\/posts"}],"about":[{"href":"https:\/\/www.sps-kadan.cz\/index.php?rest_route=\/wp\/v2\/types\/post"}],"author":[{"embeddable":true,"href":"https:\/\/www.sps-kadan.cz\/index.php?rest_route=\/wp\/v2\/users\/6"}],"replies":[{"embeddable":true,"href":"https:\/\/www.sps-kadan.cz\/index.php?rest_route=%2Fwp%2Fv2%2Fcomments&post=5682"}],"version-history":[{"count":3,"href":"https:\/\/www.sps-kadan.cz\/index.php?rest_route=\/wp\/v2\/posts\/5682\/revisions"}],"predecessor-version":[{"id":5691,"href":"https:\/\/www.sps-kadan.cz\/index.php?rest_route=\/wp\/v2\/posts\/5682\/revisions\/5691"}],"wp:attachment":[{"href":"https:\/\/www.sps-kadan.cz\/index.php?rest_route=%2Fwp%2Fv2%2Fmedia&parent=5682"}],"wp:term":[{"taxonomy":"category","embeddable":true,"href":"https:\/\/www.sps-kadan.cz\/index.php?rest_route=%2Fwp%2Fv2%2Fcategories&post=5682"},{"taxonomy":"post_tag","embeddable":true,"href":"https:\/\/www.sps-kadan.cz\/index.php?rest_route=%2Fwp%2Fv2%2Ftags&post=5682"}],"curies":[{"name":"wp","href":"https:\/\/api.w.org\/{rel}","templated":true}]}}