{"id":5692,"date":"2019-11-29T12:30:34","date_gmt":"2019-11-29T11:30:34","guid":{"rendered":"http:\/\/www.sps-kadan.cz\/?p=5692"},"modified":"2020-09-24T09:37:01","modified_gmt":"2020-09-24T08:37:01","slug":"mlady-ekonom-2019","status":"publish","type":"post","link":"https:\/\/www.sps-kadan.cz\/?p=5692","title":{"rendered":"Mlad\u00fd ekonom 2019"},"content":{"rendered":"\n<p>28. listopadu 2019 prob\u011bhlo na na\u0161\u00ed \u0161kole m\u00edstn\u00ed kolo 3. ro\u010dn\u00edku sout\u011b\u017ee \u201eMlad\u00fd ekonom \u00dasteck\u00e9ho kraje\u201c. <br>Sout\u011b\u017e je ur\u010dena pro \u017e\u00e1ky 8. a 9. t\u0159\u00edd z\u00e1kladn\u00edch \u0161kol, je pojata jako sout\u011b\u017e t\u00fdmov\u00e1. N\u00e1pln\u00ed sout\u011b\u017ee jsou rodinn\u00e9 finance, pen\u00edze a finan\u010dn\u00ed produkty. Hlavn\u00edm c\u00edlem je zv\u00fd\u0161it pov\u011bdom\u00ed mlad\u00fdch lid\u00ed o finan\u010dn\u00edm hospoda\u0159en\u00ed. T\u00fdmy \u0159e\u0161ily v\u011bdomostn\u00ed test a n\u00e1sledn\u011b prezentovaly t\u00e9ma \u201ePoji\u0161t\u011bn\u00ed a jeho v\u00fdznam pro jednotlivce a dom\u00e1cnosti\u201c.  <br>M\u00edstn\u00edho kola se z\u00fa\u010dastnily z\u00e1kladn\u00ed \u0161koly z&nbsp;Kadan\u011b a Kl\u00e1\u0161terce nad Oh\u0159\u00ed. V\u00edt\u011bzn\u00fd t\u00fdm ze Z\u00e1kladn\u00ed \u0161koly Kada\u0148, Chomutovsk\u00e1 1683, postupuje do krajsk\u00e9ho kola, kter\u00e9 se uskute\u010dn\u00ed 6. 12. 2019 na Fakult\u011b soci\u00e1ln\u011b ekonomick\u00e9 Univerzity J. E. Purkyn\u011b v&nbsp;\u00dast\u00ed nad Labem. <\/p>\n\n\n\n<figure class=\"wp-block-image\"><img loading=\"lazy\" width=\"700\" height=\"525\" src=\"https:\/\/www.sps-kadan.cz\/wp-content\/uploads\/2019\/11\/fotka107-700x525.jpg\" alt=\"\" class=\"wp-image-5693\" srcset=\"https:\/\/www.sps-kadan.cz\/wp-content\/uploads\/2019\/11\/fotka107-700x525.jpg 700w, https:\/\/www.sps-kadan.cz\/wp-content\/uploads\/2019\/11\/fotka107-150x113.jpg 150w, https:\/\/www.sps-kadan.cz\/wp-content\/uploads\/2019\/11\/fotka107-200x150.jpg 200w, https:\/\/www.sps-kadan.cz\/wp-content\/uploads\/2019\/11\/fotka107-768x576.jpg 768w\" sizes=\"(max-width: 700px) 100vw, 700px\" \/><\/figure>\n\n\n\n<figure class=\"wp-block-image\"><img loading=\"lazy\" width=\"700\" height=\"525\" src=\"https:\/\/www.sps-kadan.cz\/wp-content\/uploads\/2019\/11\/fotka113-2-700x525.jpg\" alt=\"\" class=\"wp-image-5694\" srcset=\"https:\/\/www.sps-kadan.cz\/wp-content\/uploads\/2019\/11\/fotka113-2-700x525.jpg 700w, https:\/\/www.sps-kadan.cz\/wp-content\/uploads\/2019\/11\/fotka113-2-150x113.jpg 150w, https:\/\/www.sps-kadan.cz\/wp-content\/uploads\/2019\/11\/fotka113-2-200x150.jpg 200w, https:\/\/www.sps-kadan.cz\/wp-content\/uploads\/2019\/11\/fotka113-2-768x576.jpg 768w\" sizes=\"(max-width: 700px) 100vw, 700px\" \/><\/figure>\n\n\n\n<figure class=\"wp-block-image\"><img loading=\"lazy\" width=\"700\" height=\"525\" src=\"https:\/\/www.sps-kadan.cz\/wp-content\/uploads\/2019\/11\/fotka118-3-700x525.jpg\" alt=\"\" class=\"wp-image-5695\" srcset=\"https:\/\/www.sps-kadan.cz\/wp-content\/uploads\/2019\/11\/fotka118-3-700x525.jpg 700w, https:\/\/www.sps-kadan.cz\/wp-content\/uploads\/2019\/11\/fotka118-3-150x113.jpg 150w, https:\/\/www.sps-kadan.cz\/wp-content\/uploads\/2019\/11\/fotka118-3-200x150.jpg 200w, https:\/\/www.sps-kadan.cz\/wp-content\/uploads\/2019\/11\/fotka118-3-768x576.jpg 768w\" sizes=\"(max-width: 700px) 100vw, 700px\" \/><\/figure>\n\n\n\n<figure class=\"wp-block-image\"><img loading=\"lazy\" width=\"700\" height=\"525\" src=\"https:\/\/www.sps-kadan.cz\/wp-content\/uploads\/2019\/11\/fotka123-1-700x525.jpg\" alt=\"\" class=\"wp-image-5696\" srcset=\"https:\/\/www.sps-kadan.cz\/wp-content\/uploads\/2019\/11\/fotka123-1-700x525.jpg 700w, https:\/\/www.sps-kadan.cz\/wp-content\/uploads\/2019\/11\/fotka123-1-150x113.jpg 150w, https:\/\/www.sps-kadan.cz\/wp-content\/uploads\/2019\/11\/fotka123-1-200x150.jpg 200w, https:\/\/www.sps-kadan.cz\/wp-content\/uploads\/2019\/11\/fotka123-1-768x576.jpg 768w\" sizes=\"(max-width: 700px) 100vw, 700px\" \/><\/figure>\n","protected":false},"excerpt":{"rendered":"<p>28. listopadu 2019 prob\u011bhlo na na\u0161\u00ed \u0161kole m\u00edstn\u00ed kolo 3. ro\u010dn\u00edku sout\u011b\u017ee \u201eMlad\u00fd ekonom \u00dasteck\u00e9ho kraje\u201c. Sout\u011b\u017e je ur\u010dena pro \u017e\u00e1ky 8. a 9. t\u0159\u00edd <a class=\"more-link\" href=\"https:\/\/www.sps-kadan.cz\/?p=5692\">Cel\u00fd \u010dl\u00e1nek  <span class=\"screen-reader-text\">  Mlad\u00fd ekonom 2019<\/span><span class=\"meta-nav\">&rarr;<\/span><\/a><\/p>\n","protected":false},"author":6,"featured_media":0,"comment_status":"closed","ping_status":"closed","sticky":false,"template":"","format":"standard","meta":[],"categories":[2],"tags":[],"_links":{"self":[{"href":"https:\/\/www.sps-kadan.cz\/index.php?rest_route=\/wp\/v2\/posts\/5692"}],"collection":[{"href":"https:\/\/www.sps-kadan.cz\/index.php?rest_route=\/wp\/v2\/posts"}],"about":[{"href":"https:\/\/www.sps-kadan.cz\/index.php?rest_route=\/wp\/v2\/types\/post"}],"author":[{"embeddable":true,"href":"https:\/\/www.sps-kadan.cz\/index.php?rest_route=\/wp\/v2\/users\/6"}],"replies":[{"embeddable":true,"href":"https:\/\/www.sps-kadan.cz\/index.php?rest_route=%2Fwp%2Fv2%2Fcomments&post=5692"}],"version-history":[{"count":2,"href":"https:\/\/www.sps-kadan.cz\/index.php?rest_route=\/wp\/v2\/posts\/5692\/revisions"}],"predecessor-version":[{"id":6114,"href":"https:\/\/www.sps-kadan.cz\/index.php?rest_route=\/wp\/v2\/posts\/5692\/revisions\/6114"}],"wp:attachment":[{"href":"https:\/\/www.sps-kadan.cz\/index.php?rest_route=%2Fwp%2Fv2%2Fmedia&parent=5692"}],"wp:term":[{"taxonomy":"category","embeddable":true,"href":"https:\/\/www.sps-kadan.cz\/index.php?rest_route=%2Fwp%2Fv2%2Fcategories&post=5692"},{"taxonomy":"post_tag","embeddable":true,"href":"https:\/\/www.sps-kadan.cz\/index.php?rest_route=%2Fwp%2Fv2%2Ftags&post=5692"}],"curies":[{"name":"wp","href":"https:\/\/api.w.org\/{rel}","templated":true}]}}