{"id":6664,"date":"2022-03-17T11:06:43","date_gmt":"2022-03-17T10:06:43","guid":{"rendered":"https:\/\/www.sps-kadan.cz\/?p=6664"},"modified":"2022-05-25T09:26:52","modified_gmt":"2022-05-25T08:26:52","slug":"okresni-kolo-olympiady-v-nemcine-2","status":"publish","type":"post","link":"https:\/\/www.sps-kadan.cz\/?p=6664","title":{"rendered":"Okresn\u00ed kolo olympi\u00e1dy v n\u011bm\u010din\u011b"},"content":{"rendered":"\n<p>16.3. se na\u0161i \u017e\u00e1ci V\u011bra \u0160edov\u00e1 a Daniel Buben\u010d\u00edk&nbsp; (oba 3. OA)&nbsp; ji\u017e tradi\u010dn\u011b z\u00fa\u010dastnili okresn\u00edho kola olympi\u00e1dy v&nbsp;n\u011bm\u010din\u011b.&nbsp; A\u010dkoli neobsadili prvn\u00ed p\u0159\u00ed\u010dky, bojovali state\u010dn\u011b a p\u0159ivezli si dom\u016f cenn\u00e9 zku\u0161enosti.<\/p>\n\n\n\n<figure class=\"wp-block-image size-large\"><img loading=\"lazy\" width=\"700\" height=\"524\" src=\"https:\/\/www.sps-kadan.cz\/wp-content\/uploads\/2022\/03\/IMG_20220316_081032-700x524.jpg\" alt=\"\" class=\"wp-image-6665\" srcset=\"https:\/\/www.sps-kadan.cz\/wp-content\/uploads\/2022\/03\/IMG_20220316_081032-700x524.jpg 700w, https:\/\/www.sps-kadan.cz\/wp-content\/uploads\/2022\/03\/IMG_20220316_081032-200x150.jpg 200w, https:\/\/www.sps-kadan.cz\/wp-content\/uploads\/2022\/03\/IMG_20220316_081032-150x112.jpg 150w, https:\/\/www.sps-kadan.cz\/wp-content\/uploads\/2022\/03\/IMG_20220316_081032-768x575.jpg 768w, https:\/\/www.sps-kadan.cz\/wp-content\/uploads\/2022\/03\/IMG_20220316_081032-1536x1149.jpg 1536w, https:\/\/www.sps-kadan.cz\/wp-content\/uploads\/2022\/03\/IMG_20220316_081032-2048x1532.jpg 2048w\" sizes=\"(max-width: 700px) 100vw, 700px\" \/><\/figure>\n","protected":false},"excerpt":{"rendered":"<p>16.3. se na\u0161i \u017e\u00e1ci V\u011bra \u0160edov\u00e1 a Daniel Buben\u010d\u00edk&nbsp; (oba 3. OA)&nbsp; ji\u017e tradi\u010dn\u011b z\u00fa\u010dastnili okresn\u00edho kola olympi\u00e1dy v&nbsp;n\u011bm\u010din\u011b.&nbsp; A\u010dkoli neobsadili prvn\u00ed p\u0159\u00ed\u010dky, bojovali state\u010dn\u011b <a class=\"more-link\" href=\"https:\/\/www.sps-kadan.cz\/?p=6664\">Cel\u00fd \u010dl\u00e1nek  <span class=\"screen-reader-text\">  Okresn\u00ed kolo olympi\u00e1dy v n\u011bm\u010din\u011b<\/span><span class=\"meta-nav\">&rarr;<\/span><\/a><\/p>\n","protected":false},"author":6,"featured_media":0,"comment_status":"closed","ping_status":"closed","sticky":false,"template":"","format":"standard","meta":[],"categories":[2],"tags":[],"_links":{"self":[{"href":"https:\/\/www.sps-kadan.cz\/index.php?rest_route=\/wp\/v2\/posts\/6664"}],"collection":[{"href":"https:\/\/www.sps-kadan.cz\/index.php?rest_route=\/wp\/v2\/posts"}],"about":[{"href":"https:\/\/www.sps-kadan.cz\/index.php?rest_route=\/wp\/v2\/types\/post"}],"author":[{"embeddable":true,"href":"https:\/\/www.sps-kadan.cz\/index.php?rest_route=\/wp\/v2\/users\/6"}],"replies":[{"embeddable":true,"href":"https:\/\/www.sps-kadan.cz\/index.php?rest_route=%2Fwp%2Fv2%2Fcomments&post=6664"}],"version-history":[{"count":1,"href":"https:\/\/www.sps-kadan.cz\/index.php?rest_route=\/wp\/v2\/posts\/6664\/revisions"}],"predecessor-version":[{"id":6666,"href":"https:\/\/www.sps-kadan.cz\/index.php?rest_route=\/wp\/v2\/posts\/6664\/revisions\/6666"}],"wp:attachment":[{"href":"https:\/\/www.sps-kadan.cz\/index.php?rest_route=%2Fwp%2Fv2%2Fmedia&parent=6664"}],"wp:term":[{"taxonomy":"category","embeddable":true,"href":"https:\/\/www.sps-kadan.cz\/index.php?rest_route=%2Fwp%2Fv2%2Fcategories&post=6664"},{"taxonomy":"post_tag","embeddable":true,"href":"https:\/\/www.sps-kadan.cz\/index.php?rest_route=%2Fwp%2Fv2%2Ftags&post=6664"}],"curies":[{"name":"wp","href":"https:\/\/api.w.org\/{rel}","templated":true}]}}