{"id":6740,"date":"2022-04-25T13:27:51","date_gmt":"2022-04-25T12:27:51","guid":{"rendered":"https:\/\/www.sps-kadan.cz\/?p=6740"},"modified":"2022-09-26T18:32:38","modified_gmt":"2022-09-26T17:32:38","slug":"2-misto-v-krajskem-kole-2","status":"publish","type":"post","link":"https:\/\/www.sps-kadan.cz\/?p=6740","title":{"rendered":"2. m\u00edsto v krajsk\u00e9m kole"},"content":{"rendered":"\n<p>V&nbsp;minul\u00fdch dnech se t\u00fdm \u017e\u00e1k\u016f t\u0159\u00eddy 4. OA (Nela Endr\u0161tov\u00e1, Jan \u010cerm\u00e1k, Jaroslav Van\u010dura) z\u00fa\u010dastnil krajsk\u00e9ho kola sout\u011b\u017ee Finan\u010dn\u00ed gramotnost. Krajsk\u00e9 kolo m\u011blo 3 \u010d\u00e1sti &#8211; test z&nbsp;oblasti financ\u00ed, vytvo\u0159en\u00ed prezentace na t\u00e9ma \u201eZakl\u00e1d\u00e1me s. r. o.\u201c a obhajobu prezentace p\u0159ed odbornou porotou.<\/p>\n\n\n\n<p>V&nbsp;celkov\u00e9m hodnocen\u00ed obsadil n\u00e1\u0161 t\u00fdm v\u00fdborn\u00e9 2. m\u00edsto v&nbsp;r\u00e1mci \u00dasteck\u00e9ho kraje. Blahop\u0159ejeme!<\/p>\n\n\n\n<figure class=\"wp-block-image size-large\"><img loading=\"lazy\" width=\"700\" height=\"523\" src=\"https:\/\/www.sps-kadan.cz\/wp-content\/uploads\/2022\/04\/IMG_20220413_133421-700x523.jpg\" alt=\"\" class=\"wp-image-6741\" srcset=\"https:\/\/www.sps-kadan.cz\/wp-content\/uploads\/2022\/04\/IMG_20220413_133421-700x523.jpg 700w, https:\/\/www.sps-kadan.cz\/wp-content\/uploads\/2022\/04\/IMG_20220413_133421-200x150.jpg 200w, https:\/\/www.sps-kadan.cz\/wp-content\/uploads\/2022\/04\/IMG_20220413_133421-150x112.jpg 150w, https:\/\/www.sps-kadan.cz\/wp-content\/uploads\/2022\/04\/IMG_20220413_133421-768x574.jpg 768w, https:\/\/www.sps-kadan.cz\/wp-content\/uploads\/2022\/04\/IMG_20220413_133421.jpg 793w\" sizes=\"(max-width: 700px) 100vw, 700px\" \/><\/figure>\n","protected":false},"excerpt":{"rendered":"<p>V&nbsp;minul\u00fdch dnech se t\u00fdm \u017e\u00e1k\u016f t\u0159\u00eddy 4. OA (Nela Endr\u0161tov\u00e1, Jan \u010cerm\u00e1k, Jaroslav Van\u010dura) z\u00fa\u010dastnil krajsk\u00e9ho kola sout\u011b\u017ee Finan\u010dn\u00ed gramotnost. Krajsk\u00e9 kolo m\u011blo 3 \u010d\u00e1sti <a class=\"more-link\" href=\"https:\/\/www.sps-kadan.cz\/?p=6740\">Cel\u00fd \u010dl\u00e1nek  <span class=\"screen-reader-text\">  2. m\u00edsto v krajsk\u00e9m kole<\/span><span class=\"meta-nav\">&rarr;<\/span><\/a><\/p>\n","protected":false},"author":6,"featured_media":0,"comment_status":"closed","ping_status":"closed","sticky":false,"template":"","format":"standard","meta":[],"categories":[2],"tags":[],"_links":{"self":[{"href":"https:\/\/www.sps-kadan.cz\/index.php?rest_route=\/wp\/v2\/posts\/6740"}],"collection":[{"href":"https:\/\/www.sps-kadan.cz\/index.php?rest_route=\/wp\/v2\/posts"}],"about":[{"href":"https:\/\/www.sps-kadan.cz\/index.php?rest_route=\/wp\/v2\/types\/post"}],"author":[{"embeddable":true,"href":"https:\/\/www.sps-kadan.cz\/index.php?rest_route=\/wp\/v2\/users\/6"}],"replies":[{"embeddable":true,"href":"https:\/\/www.sps-kadan.cz\/index.php?rest_route=%2Fwp%2Fv2%2Fcomments&post=6740"}],"version-history":[{"count":2,"href":"https:\/\/www.sps-kadan.cz\/index.php?rest_route=\/wp\/v2\/posts\/6740\/revisions"}],"predecessor-version":[{"id":7013,"href":"https:\/\/www.sps-kadan.cz\/index.php?rest_route=\/wp\/v2\/posts\/6740\/revisions\/7013"}],"wp:attachment":[{"href":"https:\/\/www.sps-kadan.cz\/index.php?rest_route=%2Fwp%2Fv2%2Fmedia&parent=6740"}],"wp:term":[{"taxonomy":"category","embeddable":true,"href":"https:\/\/www.sps-kadan.cz\/index.php?rest_route=%2Fwp%2Fv2%2Fcategories&post=6740"},{"taxonomy":"post_tag","embeddable":true,"href":"https:\/\/www.sps-kadan.cz\/index.php?rest_route=%2Fwp%2Fv2%2Ftags&post=6740"}],"curies":[{"name":"wp","href":"https:\/\/api.w.org\/{rel}","templated":true}]}}