{"id":6871,"date":"2022-06-13T16:51:28","date_gmt":"2022-06-13T15:51:28","guid":{"rendered":"https:\/\/www.sps-kadan.cz\/?p=6871"},"modified":"2022-09-26T18:31:52","modified_gmt":"2022-09-26T17:31:52","slug":"3-b-na-vystave-michala-brixe-v-galerii-josefa-lieslera","status":"publish","type":"post","link":"https:\/\/www.sps-kadan.cz\/?p=6871","title":{"rendered":"3. B na v\u00fdstav\u011b Michala Brixe v Galerii Josefa Lieslera"},"content":{"rendered":"\n<p>V&nbsp;hodin\u011b ob\u010dansk\u00e9 v\u00fdchovy \u017e\u00e1ci t\u0159\u00eddy 3. B nav\u0161t\u00edvili aktu\u00e1ln\u00ed v\u00fdstavu architekta M. Brixe v&nbsp;Galerii Josefa Lieslera v&nbsp;Kadani. Vystavov\u00e1ny jsou triptychy, kter\u00e9 jsou zaj\u00edmav\u00e9 nejen tematicky, ale i kompozi\u010dn\u011b.<\/p>\n\n\n\n<figure class=\"wp-block-image size-large\"><img loading=\"lazy\" width=\"700\" height=\"315\" src=\"https:\/\/www.sps-kadan.cz\/wp-content\/uploads\/2022\/06\/image-6-700x315.png\" alt=\"\" class=\"wp-image-6872\" srcset=\"https:\/\/www.sps-kadan.cz\/wp-content\/uploads\/2022\/06\/image-6-700x315.png 700w, https:\/\/www.sps-kadan.cz\/wp-content\/uploads\/2022\/06\/image-6-200x90.png 200w, https:\/\/www.sps-kadan.cz\/wp-content\/uploads\/2022\/06\/image-6-150x68.png 150w, https:\/\/www.sps-kadan.cz\/wp-content\/uploads\/2022\/06\/image-6-768x346.png 768w, https:\/\/www.sps-kadan.cz\/wp-content\/uploads\/2022\/06\/image-6.png 1151w\" sizes=\"(max-width: 700px) 100vw, 700px\" \/><\/figure>\n\n\n\n<figure class=\"wp-block-image size-large\"><img loading=\"lazy\" width=\"700\" height=\"315\" src=\"https:\/\/www.sps-kadan.cz\/wp-content\/uploads\/2022\/06\/image-7-700x315.png\" alt=\"\" class=\"wp-image-6873\" srcset=\"https:\/\/www.sps-kadan.cz\/wp-content\/uploads\/2022\/06\/image-7-700x315.png 700w, https:\/\/www.sps-kadan.cz\/wp-content\/uploads\/2022\/06\/image-7-200x90.png 200w, https:\/\/www.sps-kadan.cz\/wp-content\/uploads\/2022\/06\/image-7-150x67.png 150w, https:\/\/www.sps-kadan.cz\/wp-content\/uploads\/2022\/06\/image-7-768x345.png 768w, https:\/\/www.sps-kadan.cz\/wp-content\/uploads\/2022\/06\/image-7.png 1154w\" sizes=\"(max-width: 700px) 100vw, 700px\" \/><\/figure>\n\n\n\n<figure class=\"wp-block-image size-large\"><img loading=\"lazy\" width=\"700\" height=\"315\" src=\"https:\/\/www.sps-kadan.cz\/wp-content\/uploads\/2022\/06\/image-8-700x315.png\" alt=\"\" class=\"wp-image-6874\" srcset=\"https:\/\/www.sps-kadan.cz\/wp-content\/uploads\/2022\/06\/image-8-700x315.png 700w, https:\/\/www.sps-kadan.cz\/wp-content\/uploads\/2022\/06\/image-8-200x90.png 200w, https:\/\/www.sps-kadan.cz\/wp-content\/uploads\/2022\/06\/image-8-150x68.png 150w, https:\/\/www.sps-kadan.cz\/wp-content\/uploads\/2022\/06\/image-8-768x346.png 768w, https:\/\/www.sps-kadan.cz\/wp-content\/uploads\/2022\/06\/image-8.png 1153w\" sizes=\"(max-width: 700px) 100vw, 700px\" \/><\/figure>\n\n\n\n<figure class=\"wp-block-image size-large\"><img loading=\"lazy\" width=\"700\" height=\"315\" src=\"https:\/\/www.sps-kadan.cz\/wp-content\/uploads\/2022\/06\/image-9-700x315.png\" alt=\"\" class=\"wp-image-6875\" srcset=\"https:\/\/www.sps-kadan.cz\/wp-content\/uploads\/2022\/06\/image-9-700x315.png 700w, https:\/\/www.sps-kadan.cz\/wp-content\/uploads\/2022\/06\/image-9-200x90.png 200w, https:\/\/www.sps-kadan.cz\/wp-content\/uploads\/2022\/06\/image-9-150x67.png 150w, https:\/\/www.sps-kadan.cz\/wp-content\/uploads\/2022\/06\/image-9-768x345.png 768w, https:\/\/www.sps-kadan.cz\/wp-content\/uploads\/2022\/06\/image-9.png 1157w\" sizes=\"(max-width: 700px) 100vw, 700px\" \/><\/figure>\n","protected":false},"excerpt":{"rendered":"<p>V&nbsp;hodin\u011b ob\u010dansk\u00e9 v\u00fdchovy \u017e\u00e1ci t\u0159\u00eddy 3. B nav\u0161t\u00edvili aktu\u00e1ln\u00ed v\u00fdstavu architekta M. Brixe v&nbsp;Galerii Josefa Lieslera v&nbsp;Kadani. Vystavov\u00e1ny jsou triptychy, kter\u00e9 jsou zaj\u00edmav\u00e9 nejen tematicky, <a class=\"more-link\" href=\"https:\/\/www.sps-kadan.cz\/?p=6871\">Cel\u00fd \u010dl\u00e1nek  <span class=\"screen-reader-text\">  3. B na v\u00fdstav\u011b Michala Brixe v Galerii Josefa Lieslera<\/span><span class=\"meta-nav\">&rarr;<\/span><\/a><\/p>\n","protected":false},"author":6,"featured_media":0,"comment_status":"closed","ping_status":"closed","sticky":false,"template":"","format":"standard","meta":[],"categories":[2],"tags":[],"_links":{"self":[{"href":"https:\/\/www.sps-kadan.cz\/index.php?rest_route=\/wp\/v2\/posts\/6871"}],"collection":[{"href":"https:\/\/www.sps-kadan.cz\/index.php?rest_route=\/wp\/v2\/posts"}],"about":[{"href":"https:\/\/www.sps-kadan.cz\/index.php?rest_route=\/wp\/v2\/types\/post"}],"author":[{"embeddable":true,"href":"https:\/\/www.sps-kadan.cz\/index.php?rest_route=\/wp\/v2\/users\/6"}],"replies":[{"embeddable":true,"href":"https:\/\/www.sps-kadan.cz\/index.php?rest_route=%2Fwp%2Fv2%2Fcomments&post=6871"}],"version-history":[{"count":2,"href":"https:\/\/www.sps-kadan.cz\/index.php?rest_route=\/wp\/v2\/posts\/6871\/revisions"}],"predecessor-version":[{"id":6877,"href":"https:\/\/www.sps-kadan.cz\/index.php?rest_route=\/wp\/v2\/posts\/6871\/revisions\/6877"}],"wp:attachment":[{"href":"https:\/\/www.sps-kadan.cz\/index.php?rest_route=%2Fwp%2Fv2%2Fmedia&parent=6871"}],"wp:term":[{"taxonomy":"category","embeddable":true,"href":"https:\/\/www.sps-kadan.cz\/index.php?rest_route=%2Fwp%2Fv2%2Fcategories&post=6871"},{"taxonomy":"post_tag","embeddable":true,"href":"https:\/\/www.sps-kadan.cz\/index.php?rest_route=%2Fwp%2Fv2%2Ftags&post=6871"}],"curies":[{"name":"wp","href":"https:\/\/api.w.org\/{rel}","templated":true}]}}