{"id":6917,"date":"2022-06-24T20:44:56","date_gmt":"2022-06-24T19:44:56","guid":{"rendered":"https:\/\/www.sps-kadan.cz\/?p=6917"},"modified":"2022-09-26T18:30:05","modified_gmt":"2022-09-26T17:30:05","slug":"trida-1-oa-na-vystave-lidicka-tragedie","status":"publish","type":"post","link":"https:\/\/www.sps-kadan.cz\/?p=6917","title":{"rendered":"T\u0159\u00edda 1. OA na v\u00fdstav\u011b Lidick\u00e1 trag\u00e9die"},"content":{"rendered":"\n<p>V&nbsp;\u00fater\u00fd 21. 6. nav\u0161t\u00edvila t\u0159\u00edda 1. OA v&nbsp;muzeu na kada\u0148sk\u00e9m hrad\u011b v\u00fdstavu Pam\u00e1tn\u00edku Lidice k&nbsp;80. v\u00fdro\u010d\u00ed heydrichi\u00e1dy. Expozice je rozd\u011blena do dvou blok\u016f. Prv\u00ed blok zachycuje p\u0159\u00edb\u011bhy odvahy a zrady v&nbsp;obrazech akademick\u00e9 mal\u00ed\u0159ky Zdenky Landov\u00e9. Druh\u00fd blok zobrazuje vyp\u00e1len\u00ed st\u0159edo\u010desk\u00e9 obce nacisty a pov\u00e1le\u010dn\u00fd v\u00fdvoj Lidic. Na\u0161\u00ed skupiny se ujal pan Mgr. Gavenda, kter\u00fd prohl\u00eddku vystavovan\u00fdch banner\u016f doplnil podrobn\u00fdm historick\u00fdm v\u00fdkladem. &nbsp;Po zhl\u00e9dnut\u00ed expozice pracovali \u017e\u00e1ci s&nbsp;pracovn\u00edmi listy, kter\u00e9 dopl\u0148ovali na z\u00e1klad\u011b z\u00edskan\u00fdch informac\u00ed.<\/p>\n\n\n\n<figure class=\"wp-block-image size-large\"><img loading=\"lazy\" width=\"700\" height=\"315\" src=\"https:\/\/www.sps-kadan.cz\/wp-content\/uploads\/2022\/06\/image-18-700x315.png\" alt=\"\" class=\"wp-image-6918\" srcset=\"https:\/\/www.sps-kadan.cz\/wp-content\/uploads\/2022\/06\/image-18-700x315.png 700w, https:\/\/www.sps-kadan.cz\/wp-content\/uploads\/2022\/06\/image-18-200x90.png 200w, https:\/\/www.sps-kadan.cz\/wp-content\/uploads\/2022\/06\/image-18-150x68.png 150w, https:\/\/www.sps-kadan.cz\/wp-content\/uploads\/2022\/06\/image-18-768x346.png 768w, https:\/\/www.sps-kadan.cz\/wp-content\/uploads\/2022\/06\/image-18.png 1091w\" sizes=\"(max-width: 700px) 100vw, 700px\" \/><\/figure>\n\n\n\n<figure class=\"wp-block-image size-large\"><img loading=\"lazy\" width=\"700\" height=\"315\" src=\"https:\/\/www.sps-kadan.cz\/wp-content\/uploads\/2022\/06\/image-19-700x315.png\" alt=\"\" class=\"wp-image-6919\" srcset=\"https:\/\/www.sps-kadan.cz\/wp-content\/uploads\/2022\/06\/image-19-700x315.png 700w, https:\/\/www.sps-kadan.cz\/wp-content\/uploads\/2022\/06\/image-19-200x90.png 200w, https:\/\/www.sps-kadan.cz\/wp-content\/uploads\/2022\/06\/image-19-150x68.png 150w, https:\/\/www.sps-kadan.cz\/wp-content\/uploads\/2022\/06\/image-19-768x346.png 768w, https:\/\/www.sps-kadan.cz\/wp-content\/uploads\/2022\/06\/image-19.png 1091w\" sizes=\"(max-width: 700px) 100vw, 700px\" \/><\/figure>\n\n\n\n<figure class=\"wp-block-image size-large\"><img loading=\"lazy\" width=\"700\" height=\"315\" src=\"https:\/\/www.sps-kadan.cz\/wp-content\/uploads\/2022\/06\/image-20-700x315.png\" alt=\"\" class=\"wp-image-6920\" srcset=\"https:\/\/www.sps-kadan.cz\/wp-content\/uploads\/2022\/06\/image-20-700x315.png 700w, https:\/\/www.sps-kadan.cz\/wp-content\/uploads\/2022\/06\/image-20-200x90.png 200w, https:\/\/www.sps-kadan.cz\/wp-content\/uploads\/2022\/06\/image-20-150x67.png 150w, https:\/\/www.sps-kadan.cz\/wp-content\/uploads\/2022\/06\/image-20-768x345.png 768w, https:\/\/www.sps-kadan.cz\/wp-content\/uploads\/2022\/06\/image-20.png 1065w\" sizes=\"(max-width: 700px) 100vw, 700px\" \/><\/figure>\n","protected":false},"excerpt":{"rendered":"<p>V&nbsp;\u00fater\u00fd 21. 6. nav\u0161t\u00edvila t\u0159\u00edda 1. OA v&nbsp;muzeu na kada\u0148sk\u00e9m hrad\u011b v\u00fdstavu Pam\u00e1tn\u00edku Lidice k&nbsp;80. v\u00fdro\u010d\u00ed heydrichi\u00e1dy. Expozice je rozd\u011blena do dvou blok\u016f. Prv\u00ed blok <a class=\"more-link\" href=\"https:\/\/www.sps-kadan.cz\/?p=6917\">Cel\u00fd \u010dl\u00e1nek  <span class=\"screen-reader-text\">  T\u0159\u00edda 1. OA na v\u00fdstav\u011b Lidick\u00e1 trag\u00e9die<\/span><span class=\"meta-nav\">&rarr;<\/span><\/a><\/p>\n","protected":false},"author":6,"featured_media":0,"comment_status":"closed","ping_status":"closed","sticky":false,"template":"","format":"standard","meta":[],"categories":[2],"tags":[],"_links":{"self":[{"href":"https:\/\/www.sps-kadan.cz\/index.php?rest_route=\/wp\/v2\/posts\/6917"}],"collection":[{"href":"https:\/\/www.sps-kadan.cz\/index.php?rest_route=\/wp\/v2\/posts"}],"about":[{"href":"https:\/\/www.sps-kadan.cz\/index.php?rest_route=\/wp\/v2\/types\/post"}],"author":[{"embeddable":true,"href":"https:\/\/www.sps-kadan.cz\/index.php?rest_route=\/wp\/v2\/users\/6"}],"replies":[{"embeddable":true,"href":"https:\/\/www.sps-kadan.cz\/index.php?rest_route=%2Fwp%2Fv2%2Fcomments&post=6917"}],"version-history":[{"count":2,"href":"https:\/\/www.sps-kadan.cz\/index.php?rest_route=\/wp\/v2\/posts\/6917\/revisions"}],"predecessor-version":[{"id":6922,"href":"https:\/\/www.sps-kadan.cz\/index.php?rest_route=\/wp\/v2\/posts\/6917\/revisions\/6922"}],"wp:attachment":[{"href":"https:\/\/www.sps-kadan.cz\/index.php?rest_route=%2Fwp%2Fv2%2Fmedia&parent=6917"}],"wp:term":[{"taxonomy":"category","embeddable":true,"href":"https:\/\/www.sps-kadan.cz\/index.php?rest_route=%2Fwp%2Fv2%2Fcategories&post=6917"},{"taxonomy":"post_tag","embeddable":true,"href":"https:\/\/www.sps-kadan.cz\/index.php?rest_route=%2Fwp%2Fv2%2Ftags&post=6917"}],"curies":[{"name":"wp","href":"https:\/\/api.w.org\/{rel}","templated":true}]}}