{"id":7494,"date":"2023-10-12T07:36:21","date_gmt":"2023-10-12T06:36:21","guid":{"rendered":"https:\/\/www.sps-kadan.cz\/?p=7494"},"modified":"2023-10-12T07:36:32","modified_gmt":"2023-10-12T06:36:32","slug":"27-svetovy-silnicni-kongres","status":"publish","type":"post","link":"https:\/\/www.sps-kadan.cz\/?p=7494","title":{"rendered":"27. SV\u011aTOV\u00dd SILNI\u010cN\u00cd KONGRES"},"content":{"rendered":"\n<p>Dne 6. \u0159\u00edjna 2023 se na\u0161e \u0161kola z\u00fa\u010dastnila 27. sv\u011btov\u00e9ho silni\u010dn\u00edho kongresu v&nbsp;Kongresov\u00e9m centru v&nbsp;Praze. Potkali jsme se s deleg\u00e1ty v\u00edce ne\u017e 100 zem\u00ed, a se z\u00e1stupci&nbsp;10 vysok\u00fdch \u0161kol z&nbsp;\u010cR i ze Slovenska. V&nbsp;na\u0161\u00ed republice se tento kongres naposledy uskute\u010dnil v&nbsp;roce 1971. Kongresu se z\u00fa\u010dastnili na\u0161i p\u0159edn\u00ed politi\u010dt\u00ed p\u0159edstavitel\u00e9, odborn\u00edci, stavitel\u00e9, ekonomov\u00e9 \u010di minist\u0159i z cel\u00e9ho sv\u011bta. Nav\u0161t\u00edvili jsme mezin\u00e1rodn\u00ed pavilony, sezn\u00e1mili se s nejnov\u011bj\u0161\u00edmi technologiemi. V r\u00e1mci kongresu byl, ve spolupr\u00e1ci s kl\u00ed\u010dov\u00fdmi partnery dopravn\u00ed infrastruktury, p\u0159ipraven projekt pro mladou generaci, jeho\u017e c\u00edlem bylo p\u0159edstavit dopravn\u00ed stavitelstv\u00ed jako komplexn\u00ed a perspektivn\u00ed obor.<\/p>\n\n\n\n<figure class=\"wp-block-image size-large\"><img loading=\"lazy\" width=\"605\" height=\"454\" src=\"https:\/\/www.sps-kadan.cz\/wp-content\/uploads\/2023\/10\/image-9.png\" alt=\"\" class=\"wp-image-7495\" srcset=\"https:\/\/www.sps-kadan.cz\/wp-content\/uploads\/2023\/10\/image-9.png 605w, https:\/\/www.sps-kadan.cz\/wp-content\/uploads\/2023\/10\/image-9-200x150.png 200w, https:\/\/www.sps-kadan.cz\/wp-content\/uploads\/2023\/10\/image-9-150x113.png 150w\" sizes=\"(max-width: 605px) 100vw, 605px\" \/><\/figure>\n\n\n\n<figure class=\"wp-block-image size-large\"><img loading=\"lazy\" width=\"454\" height=\"605\" src=\"https:\/\/www.sps-kadan.cz\/wp-content\/uploads\/2023\/10\/image-10.png\" alt=\"\" class=\"wp-image-7496\" srcset=\"https:\/\/www.sps-kadan.cz\/wp-content\/uploads\/2023\/10\/image-10.png 454w, https:\/\/www.sps-kadan.cz\/wp-content\/uploads\/2023\/10\/image-10-150x200.png 150w, https:\/\/www.sps-kadan.cz\/wp-content\/uploads\/2023\/10\/image-10-113x150.png 113w\" sizes=\"(max-width: 454px) 100vw, 454px\" \/><\/figure>\n","protected":false},"excerpt":{"rendered":"<p>Dne 6. \u0159\u00edjna 2023 se na\u0161e \u0161kola z\u00fa\u010dastnila 27. sv\u011btov\u00e9ho silni\u010dn\u00edho kongresu v&nbsp;Kongresov\u00e9m centru v&nbsp;Praze. Potkali jsme se s deleg\u00e1ty v\u00edce ne\u017e 100 zem\u00ed, a <a class=\"more-link\" href=\"https:\/\/www.sps-kadan.cz\/?p=7494\">Cel\u00fd \u010dl\u00e1nek  <span class=\"screen-reader-text\">  27. SV\u011aTOV\u00dd SILNI\u010cN\u00cd KONGRES<\/span><span class=\"meta-nav\">&rarr;<\/span><\/a><\/p>\n","protected":false},"author":6,"featured_media":0,"comment_status":"closed","ping_status":"closed","sticky":true,"template":"","format":"standard","meta":[],"categories":[2],"tags":[],"_links":{"self":[{"href":"https:\/\/www.sps-kadan.cz\/index.php?rest_route=\/wp\/v2\/posts\/7494"}],"collection":[{"href":"https:\/\/www.sps-kadan.cz\/index.php?rest_route=\/wp\/v2\/posts"}],"about":[{"href":"https:\/\/www.sps-kadan.cz\/index.php?rest_route=\/wp\/v2\/types\/post"}],"author":[{"embeddable":true,"href":"https:\/\/www.sps-kadan.cz\/index.php?rest_route=\/wp\/v2\/users\/6"}],"replies":[{"embeddable":true,"href":"https:\/\/www.sps-kadan.cz\/index.php?rest_route=%2Fwp%2Fv2%2Fcomments&post=7494"}],"version-history":[{"count":2,"href":"https:\/\/www.sps-kadan.cz\/index.php?rest_route=\/wp\/v2\/posts\/7494\/revisions"}],"predecessor-version":[{"id":7498,"href":"https:\/\/www.sps-kadan.cz\/index.php?rest_route=\/wp\/v2\/posts\/7494\/revisions\/7498"}],"wp:attachment":[{"href":"https:\/\/www.sps-kadan.cz\/index.php?rest_route=%2Fwp%2Fv2%2Fmedia&parent=7494"}],"wp:term":[{"taxonomy":"category","embeddable":true,"href":"https:\/\/www.sps-kadan.cz\/index.php?rest_route=%2Fwp%2Fv2%2Fcategories&post=7494"},{"taxonomy":"post_tag","embeddable":true,"href":"https:\/\/www.sps-kadan.cz\/index.php?rest_route=%2Fwp%2Fv2%2Ftags&post=7494"}],"curies":[{"name":"wp","href":"https:\/\/api.w.org\/{rel}","templated":true}]}}