{"id":7510,"date":"2023-10-16T13:15:17","date_gmt":"2023-10-16T12:15:17","guid":{"rendered":"https:\/\/www.sps-kadan.cz\/?p=7510"},"modified":"2023-10-16T13:19:35","modified_gmt":"2023-10-16T12:19:35","slug":"mezinarodni-konference-mestske-inzenyrstvi-karlovy-vary","status":"publish","type":"post","link":"https:\/\/www.sps-kadan.cz\/?p=7510","title":{"rendered":"Mezin\u00e1rodn\u00ed konference M\u011bstsk\u00e9 in\u017een\u00fdrstv\u00ed Karlovy Vary"},"content":{"rendered":"\n<p>Ji\u017e 27. mezin\u00e1rodn\u00ed konference M\u011bstsk\u00e9 in\u017een\u00fdrstv\u00ed na t\u00e9ma M\u011bsto a voda prob\u011bhl 13. \u0159\u00edjna 2023 v Kongresov\u00e9m s\u00e1le hotelu Thermal Karlovy Vary.<\/p>\n\n\n\n<p>&nbsp;Na konferenci vystoupili z\u00e1stupci ministerstev, kraje a&nbsp;m\u011bsta Karlovy Vary a&nbsp;\u00fa\u010dastn\u00edci si vyslechli mj.&nbsp;tyto p\u0159edn\u00e1\u0161ky:<\/p>\n\n\n\n<ul><li>Klesaj\u00edc\u00ed stavy podzemn\u00edch vod a&nbsp;extr\u00e9mn\u00ed meteo\u00adrologick\u00e9 jevy&nbsp;\u2013 geotechnick\u00e9 parametry ovliv\u0148uj\u00edc\u00ed z\u00e1stavbu a&nbsp;pl\u00e1nov\u00e1n\u00ed;<\/li><li>P\u0159em\u011bna obce K\u00fcr\u00adnach na vesnici zachycuj\u00edc\u00ed de\u0161\u0165ovou vodu;<\/li><li>Vplyv v\u00fdstavby pl\u00e1novanej podzemnej \u017eelezni\u010dnej trate TEN-T v&nbsp;Bratislave na pr\u00fadenie podzemn\u00fdch v\u00f4d;<\/li><li>M\u011bstsk\u00e9 klimatick\u00e9 ostr\u016fvky jako \u00fast\u0159edn\u00ed prvek udr\u017eiteln\u00e9ho p\u0159izp\u016fsoben\u00ed se klimatick\u00fdm zm\u011bn\u00e1m;<\/li><li>Hydrologie a&nbsp;jej\u00ed vyu\u017eit\u00ed nejen v&nbsp;urba\u00adnizovan\u00fdch oblastech. \u00ad<\/li><\/ul>\n\n\n\n<p>Konferenci po\u0159\u00e1d\u00e1 \u010cKAIT ve spolupr\u00e1ci s&nbsp;\u010cSSI. Jej\u00ed sou\u010d\u00e1st\u00ed bylo p\u0159edstaven\u00ed knihy M\u011bstsk\u00e9 in\u017ee\u00adn\u00fdrstv\u00ed nejen pro m\u011bstsk\u00e9 in\u017een\u00fd\u00adry a&nbsp;plak\u00e1t\u016f student\u016f oboru MI&nbsp;s&nbsp;tematikou M\u011bsto a&nbsp;voda. Mezi \u010destn\u00fdmi hosty konference byl i \u0159editel SP\u0160S a OA Kada\u0148 PaedDr. Zden\u011bk Hrdina. Organiz\u00e1to\u0159i umo\u017enili bezplatnou \u00fa\u010dast tak\u00e9 \u017e\u00e1k\u016fm \u0161koly.<\/p>\n\n\n\n<figure class=\"wp-block-image size-large is-resized\"><img loading=\"lazy\" src=\"https:\/\/www.sps-kadan.cz\/wp-content\/uploads\/2023\/10\/image-16-700x525.png\" alt=\"\" class=\"wp-image-7512\" width=\"590\" height=\"442\" srcset=\"https:\/\/www.sps-kadan.cz\/wp-content\/uploads\/2023\/10\/image-16-700x525.png 700w, https:\/\/www.sps-kadan.cz\/wp-content\/uploads\/2023\/10\/image-16-200x150.png 200w, https:\/\/www.sps-kadan.cz\/wp-content\/uploads\/2023\/10\/image-16-150x113.png 150w, https:\/\/www.sps-kadan.cz\/wp-content\/uploads\/2023\/10\/image-16-768x576.png 768w, https:\/\/www.sps-kadan.cz\/wp-content\/uploads\/2023\/10\/image-16-1536x1152.png 1536w, https:\/\/www.sps-kadan.cz\/wp-content\/uploads\/2023\/10\/image-16-2048x1536.png 2048w\" sizes=\"(max-width: 590px) 100vw, 590px\" \/><figcaption>\u017d\u00e1ci \u0161koly s&nbsp;\u0159editelem \u010cKAIT Ing. Radkem Hn\u00edzdilem, Ph.D. \u2013 absolventem kada\u0148sk\u00e9 pr\u016fmyslovky<\/figcaption><\/figure>\n\n\n\n<figure class=\"wp-block-image size-large\"><img loading=\"lazy\" width=\"525\" height=\"700\" src=\"https:\/\/www.sps-kadan.cz\/wp-content\/uploads\/2023\/10\/image-17-525x700.png\" alt=\"\" class=\"wp-image-7514\" srcset=\"https:\/\/www.sps-kadan.cz\/wp-content\/uploads\/2023\/10\/image-17-525x700.png 525w, https:\/\/www.sps-kadan.cz\/wp-content\/uploads\/2023\/10\/image-17-150x200.png 150w, https:\/\/www.sps-kadan.cz\/wp-content\/uploads\/2023\/10\/image-17-113x150.png 113w, https:\/\/www.sps-kadan.cz\/wp-content\/uploads\/2023\/10\/image-17-768x1024.png 768w, https:\/\/www.sps-kadan.cz\/wp-content\/uploads\/2023\/10\/image-17-1152x1536.png 1152w, https:\/\/www.sps-kadan.cz\/wp-content\/uploads\/2023\/10\/image-17-1536x2048.png 1536w\" sizes=\"(max-width: 525px) 100vw, 525px\" \/><figcaption>\u0158editel \u0161koly se z\u00e1stupci \u010cKAIT<\/figcaption><\/figure>\n\n\n\n<figure class=\"wp-block-image size-large\"><img loading=\"lazy\" width=\"700\" height=\"525\" src=\"https:\/\/www.sps-kadan.cz\/wp-content\/uploads\/2023\/10\/image-18-700x525.png\" alt=\"\" class=\"wp-image-7515\" srcset=\"https:\/\/www.sps-kadan.cz\/wp-content\/uploads\/2023\/10\/image-18-700x525.png 700w, https:\/\/www.sps-kadan.cz\/wp-content\/uploads\/2023\/10\/image-18-200x150.png 200w, https:\/\/www.sps-kadan.cz\/wp-content\/uploads\/2023\/10\/image-18-150x113.png 150w, https:\/\/www.sps-kadan.cz\/wp-content\/uploads\/2023\/10\/image-18-768x576.png 768w, https:\/\/www.sps-kadan.cz\/wp-content\/uploads\/2023\/10\/image-18-1536x1152.png 1536w, https:\/\/www.sps-kadan.cz\/wp-content\/uploads\/2023\/10\/image-18-2048x1536.png 2048w\" sizes=\"(max-width: 700px) 100vw, 700px\" \/><figcaption>Pohled do s\u00e1lu<\/figcaption><\/figure>\n","protected":false},"excerpt":{"rendered":"<p>Ji\u017e 27. mezin\u00e1rodn\u00ed konference M\u011bstsk\u00e9 in\u017een\u00fdrstv\u00ed na t\u00e9ma M\u011bsto a voda prob\u011bhl 13. \u0159\u00edjna 2023 v Kongresov\u00e9m s\u00e1le hotelu Thermal Karlovy Vary. &nbsp;Na konferenci vystoupili <a class=\"more-link\" href=\"https:\/\/www.sps-kadan.cz\/?p=7510\">Cel\u00fd \u010dl\u00e1nek  <span class=\"screen-reader-text\">  Mezin\u00e1rodn\u00ed konference M\u011bstsk\u00e9 in\u017een\u00fdrstv\u00ed Karlovy Vary<\/span><span class=\"meta-nav\">&rarr;<\/span><\/a><\/p>\n","protected":false},"author":6,"featured_media":0,"comment_status":"closed","ping_status":"closed","sticky":true,"template":"","format":"standard","meta":[],"categories":[2],"tags":[],"_links":{"self":[{"href":"https:\/\/www.sps-kadan.cz\/index.php?rest_route=\/wp\/v2\/posts\/7510"}],"collection":[{"href":"https:\/\/www.sps-kadan.cz\/index.php?rest_route=\/wp\/v2\/posts"}],"about":[{"href":"https:\/\/www.sps-kadan.cz\/index.php?rest_route=\/wp\/v2\/types\/post"}],"author":[{"embeddable":true,"href":"https:\/\/www.sps-kadan.cz\/index.php?rest_route=\/wp\/v2\/users\/6"}],"replies":[{"embeddable":true,"href":"https:\/\/www.sps-kadan.cz\/index.php?rest_route=%2Fwp%2Fv2%2Fcomments&post=7510"}],"version-history":[{"count":3,"href":"https:\/\/www.sps-kadan.cz\/index.php?rest_route=\/wp\/v2\/posts\/7510\/revisions"}],"predecessor-version":[{"id":7517,"href":"https:\/\/www.sps-kadan.cz\/index.php?rest_route=\/wp\/v2\/posts\/7510\/revisions\/7517"}],"wp:attachment":[{"href":"https:\/\/www.sps-kadan.cz\/index.php?rest_route=%2Fwp%2Fv2%2Fmedia&parent=7510"}],"wp:term":[{"taxonomy":"category","embeddable":true,"href":"https:\/\/www.sps-kadan.cz\/index.php?rest_route=%2Fwp%2Fv2%2Fcategories&post=7510"},{"taxonomy":"post_tag","embeddable":true,"href":"https:\/\/www.sps-kadan.cz\/index.php?rest_route=%2Fwp%2Fv2%2Ftags&post=7510"}],"curies":[{"name":"wp","href":"https:\/\/api.w.org\/{rel}","templated":true}]}}