{"id":7713,"date":"2024-04-02T06:48:00","date_gmt":"2024-04-02T05:48:00","guid":{"rendered":"https:\/\/www.sps-kadan.cz\/?p=7713"},"modified":"2024-04-02T06:48:24","modified_gmt":"2024-04-02T05:48:24","slug":"navsteva-galerie-josefa-lieslera-2","status":"publish","type":"post","link":"https:\/\/www.sps-kadan.cz\/?p=7713","title":{"rendered":"N\u00e1v\u0161t\u011bva Galerie Josefa Lieslera"},"content":{"rendered":"\n<p>T\u0159et\u00ed ro\u010dn\u00edk nav\u0161t\u00edvil zaj\u00edmavou v\u00fdstavu mlad\u00e9ho slovensk\u00e9ho v\u00fdtvarn\u00edka \u0160imona Ku\u010dery s&nbsp;n\u00e1zvem Konvergence. Autor propojuje klasiku mal\u00ed\u0159sk\u00e9ho um\u011bn\u00ed s&nbsp;digit\u00e1ln\u00edm estetismem formou barevn\u00e9 geometrick\u00e9 abstrakce.<\/p>\n\n\n\n<figure class=\"wp-block-image size-large\"><img loading=\"lazy\" width=\"700\" height=\"315\" src=\"https:\/\/www.sps-kadan.cz\/wp-content\/uploads\/2024\/04\/image-700x315.png\" alt=\"\" class=\"wp-image-7714\" srcset=\"https:\/\/www.sps-kadan.cz\/wp-content\/uploads\/2024\/04\/image-700x315.png 700w, https:\/\/www.sps-kadan.cz\/wp-content\/uploads\/2024\/04\/image-200x90.png 200w, https:\/\/www.sps-kadan.cz\/wp-content\/uploads\/2024\/04\/image-150x67.png 150w, https:\/\/www.sps-kadan.cz\/wp-content\/uploads\/2024\/04\/image-768x345.png 768w, https:\/\/www.sps-kadan.cz\/wp-content\/uploads\/2024\/04\/image.png 945w\" sizes=\"(max-width: 700px) 100vw, 700px\" \/><\/figure>\n\n\n\n<figure class=\"wp-block-image size-large\"><img loading=\"lazy\" width=\"700\" height=\"315\" src=\"https:\/\/www.sps-kadan.cz\/wp-content\/uploads\/2024\/04\/image-1-700x315.png\" alt=\"\" class=\"wp-image-7715\" srcset=\"https:\/\/www.sps-kadan.cz\/wp-content\/uploads\/2024\/04\/image-1-700x315.png 700w, https:\/\/www.sps-kadan.cz\/wp-content\/uploads\/2024\/04\/image-1-200x90.png 200w, https:\/\/www.sps-kadan.cz\/wp-content\/uploads\/2024\/04\/image-1-150x67.png 150w, https:\/\/www.sps-kadan.cz\/wp-content\/uploads\/2024\/04\/image-1-768x345.png 768w, https:\/\/www.sps-kadan.cz\/wp-content\/uploads\/2024\/04\/image-1.png 945w\" sizes=\"(max-width: 700px) 100vw, 700px\" \/><\/figure>\n\n\n\n<figure class=\"wp-block-image size-large\"><img loading=\"lazy\" width=\"700\" height=\"315\" src=\"https:\/\/www.sps-kadan.cz\/wp-content\/uploads\/2024\/04\/image-2-700x315.png\" alt=\"\" class=\"wp-image-7716\" srcset=\"https:\/\/www.sps-kadan.cz\/wp-content\/uploads\/2024\/04\/image-2-700x315.png 700w, https:\/\/www.sps-kadan.cz\/wp-content\/uploads\/2024\/04\/image-2-200x90.png 200w, https:\/\/www.sps-kadan.cz\/wp-content\/uploads\/2024\/04\/image-2-150x67.png 150w, https:\/\/www.sps-kadan.cz\/wp-content\/uploads\/2024\/04\/image-2-768x345.png 768w, https:\/\/www.sps-kadan.cz\/wp-content\/uploads\/2024\/04\/image-2.png 945w\" sizes=\"(max-width: 700px) 100vw, 700px\" \/><\/figure>\n","protected":false},"excerpt":{"rendered":"<p>T\u0159et\u00ed ro\u010dn\u00edk nav\u0161t\u00edvil zaj\u00edmavou v\u00fdstavu mlad\u00e9ho slovensk\u00e9ho v\u00fdtvarn\u00edka \u0160imona Ku\u010dery s&nbsp;n\u00e1zvem Konvergence. Autor propojuje klasiku mal\u00ed\u0159sk\u00e9ho um\u011bn\u00ed s&nbsp;digit\u00e1ln\u00edm estetismem formou barevn\u00e9 geometrick\u00e9 abstrakce.<\/p>\n","protected":false},"author":6,"featured_media":0,"comment_status":"closed","ping_status":"closed","sticky":true,"template":"","format":"standard","meta":[],"categories":[2],"tags":[],"_links":{"self":[{"href":"https:\/\/www.sps-kadan.cz\/index.php?rest_route=\/wp\/v2\/posts\/7713"}],"collection":[{"href":"https:\/\/www.sps-kadan.cz\/index.php?rest_route=\/wp\/v2\/posts"}],"about":[{"href":"https:\/\/www.sps-kadan.cz\/index.php?rest_route=\/wp\/v2\/types\/post"}],"author":[{"embeddable":true,"href":"https:\/\/www.sps-kadan.cz\/index.php?rest_route=\/wp\/v2\/users\/6"}],"replies":[{"embeddable":true,"href":"https:\/\/www.sps-kadan.cz\/index.php?rest_route=%2Fwp%2Fv2%2Fcomments&post=7713"}],"version-history":[{"count":3,"href":"https:\/\/www.sps-kadan.cz\/index.php?rest_route=\/wp\/v2\/posts\/7713\/revisions"}],"predecessor-version":[{"id":7719,"href":"https:\/\/www.sps-kadan.cz\/index.php?rest_route=\/wp\/v2\/posts\/7713\/revisions\/7719"}],"wp:attachment":[{"href":"https:\/\/www.sps-kadan.cz\/index.php?rest_route=%2Fwp%2Fv2%2Fmedia&parent=7713"}],"wp:term":[{"taxonomy":"category","embeddable":true,"href":"https:\/\/www.sps-kadan.cz\/index.php?rest_route=%2Fwp%2Fv2%2Fcategories&post=7713"},{"taxonomy":"post_tag","embeddable":true,"href":"https:\/\/www.sps-kadan.cz\/index.php?rest_route=%2Fwp%2Fv2%2Ftags&post=7713"}],"curies":[{"name":"wp","href":"https:\/\/api.w.org\/{rel}","templated":true}]}}