{"id":7839,"date":"2024-06-24T10:05:52","date_gmt":"2024-06-24T09:05:52","guid":{"rendered":"https:\/\/www.sps-kadan.cz\/?p=7839"},"modified":"2024-06-24T10:06:16","modified_gmt":"2024-06-24T09:06:16","slug":"komentovana-prohlidka","status":"publish","type":"post","link":"https:\/\/www.sps-kadan.cz\/?p=7839","title":{"rendered":"Komentovan\u00e1 prohl\u00eddka"},"content":{"rendered":"\n<p>&nbsp;V \u00fater\u00fd 18. 6. vyu\u017eila na\u0161e \u0161kola p\u0159\u00edle\u017eitosti z\u00fa\u010dastnit se komentovan\u00e9 prohl\u00eddky v\u00fdstavy Michala Janovsk\u00e9ho. Pr\u016fvodcem byl s\u00e1m autor obraz\u016f, kter\u00fd \u017e\u00e1ky zasv\u011btil do z\u00e1kulis\u00ed a detail\u016f sv\u00e9 mal\u00ed\u0159sk\u00e9 pr\u00e1ce. D\u011bkujeme.<\/p>\n\n\n\n<figure class=\"wp-block-image size-large\"><img loading=\"lazy\" width=\"700\" height=\"524\" src=\"https:\/\/www.sps-kadan.cz\/wp-content\/uploads\/2024\/06\/image-1-700x524.png\" alt=\"\" class=\"wp-image-7840\" srcset=\"https:\/\/www.sps-kadan.cz\/wp-content\/uploads\/2024\/06\/image-1-700x524.png 700w, https:\/\/www.sps-kadan.cz\/wp-content\/uploads\/2024\/06\/image-1-200x150.png 200w, https:\/\/www.sps-kadan.cz\/wp-content\/uploads\/2024\/06\/image-1-150x112.png 150w, https:\/\/www.sps-kadan.cz\/wp-content\/uploads\/2024\/06\/image-1-768x575.png 768w, https:\/\/www.sps-kadan.cz\/wp-content\/uploads\/2024\/06\/image-1.png 945w\" sizes=\"(max-width: 700px) 100vw, 700px\" \/><\/figure>\n\n\n\n<figure class=\"wp-block-image size-large\"><img loading=\"lazy\" width=\"700\" height=\"525\" src=\"https:\/\/www.sps-kadan.cz\/wp-content\/uploads\/2024\/06\/image-2-700x525.png\" alt=\"\" class=\"wp-image-7841\" srcset=\"https:\/\/www.sps-kadan.cz\/wp-content\/uploads\/2024\/06\/image-2-700x525.png 700w, https:\/\/www.sps-kadan.cz\/wp-content\/uploads\/2024\/06\/image-2-200x150.png 200w, https:\/\/www.sps-kadan.cz\/wp-content\/uploads\/2024\/06\/image-2-150x113.png 150w, https:\/\/www.sps-kadan.cz\/wp-content\/uploads\/2024\/06\/image-2-768x576.png 768w, https:\/\/www.sps-kadan.cz\/wp-content\/uploads\/2024\/06\/image-2.png 945w\" sizes=\"(max-width: 700px) 100vw, 700px\" \/><\/figure>\n\n\n\n<p><\/p>\n","protected":false},"excerpt":{"rendered":"<p>&nbsp;V \u00fater\u00fd 18. 6. vyu\u017eila na\u0161e \u0161kola p\u0159\u00edle\u017eitosti z\u00fa\u010dastnit se komentovan\u00e9 prohl\u00eddky v\u00fdstavy Michala Janovsk\u00e9ho. Pr\u016fvodcem byl s\u00e1m autor obraz\u016f, kter\u00fd \u017e\u00e1ky zasv\u011btil do z\u00e1kulis\u00ed <a class=\"more-link\" href=\"https:\/\/www.sps-kadan.cz\/?p=7839\">Cel\u00fd \u010dl\u00e1nek  <span class=\"screen-reader-text\">  Komentovan\u00e1 prohl\u00eddka<\/span><span class=\"meta-nav\">&rarr;<\/span><\/a><\/p>\n","protected":false},"author":6,"featured_media":0,"comment_status":"closed","ping_status":"closed","sticky":true,"template":"","format":"standard","meta":[],"categories":[2],"tags":[],"_links":{"self":[{"href":"https:\/\/www.sps-kadan.cz\/index.php?rest_route=\/wp\/v2\/posts\/7839"}],"collection":[{"href":"https:\/\/www.sps-kadan.cz\/index.php?rest_route=\/wp\/v2\/posts"}],"about":[{"href":"https:\/\/www.sps-kadan.cz\/index.php?rest_route=\/wp\/v2\/types\/post"}],"author":[{"embeddable":true,"href":"https:\/\/www.sps-kadan.cz\/index.php?rest_route=\/wp\/v2\/users\/6"}],"replies":[{"embeddable":true,"href":"https:\/\/www.sps-kadan.cz\/index.php?rest_route=%2Fwp%2Fv2%2Fcomments&post=7839"}],"version-history":[{"count":2,"href":"https:\/\/www.sps-kadan.cz\/index.php?rest_route=\/wp\/v2\/posts\/7839\/revisions"}],"predecessor-version":[{"id":7843,"href":"https:\/\/www.sps-kadan.cz\/index.php?rest_route=\/wp\/v2\/posts\/7839\/revisions\/7843"}],"wp:attachment":[{"href":"https:\/\/www.sps-kadan.cz\/index.php?rest_route=%2Fwp%2Fv2%2Fmedia&parent=7839"}],"wp:term":[{"taxonomy":"category","embeddable":true,"href":"https:\/\/www.sps-kadan.cz\/index.php?rest_route=%2Fwp%2Fv2%2Fcategories&post=7839"},{"taxonomy":"post_tag","embeddable":true,"href":"https:\/\/www.sps-kadan.cz\/index.php?rest_route=%2Fwp%2Fv2%2Ftags&post=7839"}],"curies":[{"name":"wp","href":"https:\/\/api.w.org\/{rel}","templated":true}]}}