{"id":8406,"date":"2025-02-20T19:24:03","date_gmt":"2025-02-20T18:24:03","guid":{"rendered":"https:\/\/www.sps-kadan.cz\/?p=8406"},"modified":"2025-02-20T19:24:03","modified_gmt":"2025-02-20T18:24:03","slug":"okresni-kolo-olympiady-v-anglickem-jazyce","status":"publish","type":"post","link":"https:\/\/www.sps-kadan.cz\/?p=8406","title":{"rendered":"Okresn\u00ed kolo olympi\u00e1dy v anglick\u00e9m jazyce"},"content":{"rendered":"\n<p>Okresn\u00ed kolo olympi\u00e1dy v anglick\u00e9m jazyce<\/p>\n\n\n\n<p>Na svat\u00e9ho Valent\u00fdna se \u017e\u00e1ci t\u0159et\u00edho ro\u010dn\u00edku na\u0161\u00ed \u0161koly Adam \u0160ole a Tom\u00e1\u0161 Braum z\u00fa\u010dastnili okresn\u00edho kola olympi\u00e1dy v anglick\u00e9m jazyce, kter\u00e9 se konalo v Chomutov\u011b. Po \u00fasp\u011b\u0161n\u00e9m zvl\u00e1dnut\u00ed p\u00edsemn\u00e9 \u010d\u00e1sti prok\u00e1zali v \u00fastn\u00edm kole jazykovou vybavenost, p\u0159ehled a pohotovost, kdy\u017e reagovali na t\u00e9mata jako jsou p\u0159\u00edrodn\u00ed \u017eivly, tlak vrstevn\u00edk\u016f, cenzura, migrace a cestov\u00e1n\u00ed. Tom\u00e1\u0161 se um\u00edstil na 3. m\u00edst\u011b a Adam na 6.m\u00edst\u011b.<\/p>\n\n\n\n<p>Ob\u011bma gratulujeme!<\/p>\n\n\n\n<figure class=\"wp-block-image size-large\"><img loading=\"lazy\" width=\"525\" height=\"700\" src=\"https:\/\/www.sps-kadan.cz\/wp-content\/uploads\/2025\/02\/Tomas-525x700.jpg\" alt=\"\" class=\"wp-image-8408\" srcset=\"https:\/\/www.sps-kadan.cz\/wp-content\/uploads\/2025\/02\/Tomas-525x700.jpg 525w, https:\/\/www.sps-kadan.cz\/wp-content\/uploads\/2025\/02\/Tomas-150x200.jpg 150w, https:\/\/www.sps-kadan.cz\/wp-content\/uploads\/2025\/02\/Tomas-113x150.jpg 113w, https:\/\/www.sps-kadan.cz\/wp-content\/uploads\/2025\/02\/Tomas-768x1024.jpg 768w, https:\/\/www.sps-kadan.cz\/wp-content\/uploads\/2025\/02\/Tomas-1152x1536.jpg 1152w, https:\/\/www.sps-kadan.cz\/wp-content\/uploads\/2025\/02\/Tomas-1536x2048.jpg 1536w, https:\/\/www.sps-kadan.cz\/wp-content\/uploads\/2025\/02\/Tomas-scaled.jpg 1920w\" sizes=\"(max-width: 525px) 100vw, 525px\" \/><\/figure>\n\n\n\n<figure class=\"wp-block-image size-large\"><img loading=\"lazy\" width=\"700\" height=\"525\" src=\"https:\/\/www.sps-kadan.cz\/wp-content\/uploads\/2025\/02\/aj-soutez-chomutov-700x525.jpg\" alt=\"\" class=\"wp-image-8407\" srcset=\"https:\/\/www.sps-kadan.cz\/wp-content\/uploads\/2025\/02\/aj-soutez-chomutov-700x525.jpg 700w, https:\/\/www.sps-kadan.cz\/wp-content\/uploads\/2025\/02\/aj-soutez-chomutov-200x150.jpg 200w, https:\/\/www.sps-kadan.cz\/wp-content\/uploads\/2025\/02\/aj-soutez-chomutov-150x113.jpg 150w, https:\/\/www.sps-kadan.cz\/wp-content\/uploads\/2025\/02\/aj-soutez-chomutov-768x576.jpg 768w, https:\/\/www.sps-kadan.cz\/wp-content\/uploads\/2025\/02\/aj-soutez-chomutov-1536x1152.jpg 1536w, https:\/\/www.sps-kadan.cz\/wp-content\/uploads\/2025\/02\/aj-soutez-chomutov-2048x1536.jpg 2048w\" sizes=\"(max-width: 700px) 100vw, 700px\" \/><\/figure>\n","protected":false},"excerpt":{"rendered":"<p>Okresn\u00ed kolo olympi\u00e1dy v anglick\u00e9m jazyce Na svat\u00e9ho Valent\u00fdna se \u017e\u00e1ci t\u0159et\u00edho ro\u010dn\u00edku na\u0161\u00ed \u0161koly Adam \u0160ole a Tom\u00e1\u0161 Braum z\u00fa\u010dastnili okresn\u00edho kola olympi\u00e1dy v <a class=\"more-link\" href=\"https:\/\/www.sps-kadan.cz\/?p=8406\">Cel\u00fd \u010dl\u00e1nek  <span class=\"screen-reader-text\">  Okresn\u00ed kolo olympi\u00e1dy v anglick\u00e9m jazyce<\/span><span class=\"meta-nav\">&rarr;<\/span><\/a><\/p>\n","protected":false},"author":8,"featured_media":0,"comment_status":"closed","ping_status":"closed","sticky":true,"template":"","format":"standard","meta":[],"categories":[2],"tags":[],"_links":{"self":[{"href":"https:\/\/www.sps-kadan.cz\/index.php?rest_route=\/wp\/v2\/posts\/8406"}],"collection":[{"href":"https:\/\/www.sps-kadan.cz\/index.php?rest_route=\/wp\/v2\/posts"}],"about":[{"href":"https:\/\/www.sps-kadan.cz\/index.php?rest_route=\/wp\/v2\/types\/post"}],"author":[{"embeddable":true,"href":"https:\/\/www.sps-kadan.cz\/index.php?rest_route=\/wp\/v2\/users\/8"}],"replies":[{"embeddable":true,"href":"https:\/\/www.sps-kadan.cz\/index.php?rest_route=%2Fwp%2Fv2%2Fcomments&post=8406"}],"version-history":[{"count":1,"href":"https:\/\/www.sps-kadan.cz\/index.php?rest_route=\/wp\/v2\/posts\/8406\/revisions"}],"predecessor-version":[{"id":8409,"href":"https:\/\/www.sps-kadan.cz\/index.php?rest_route=\/wp\/v2\/posts\/8406\/revisions\/8409"}],"wp:attachment":[{"href":"https:\/\/www.sps-kadan.cz\/index.php?rest_route=%2Fwp%2Fv2%2Fmedia&parent=8406"}],"wp:term":[{"taxonomy":"category","embeddable":true,"href":"https:\/\/www.sps-kadan.cz\/index.php?rest_route=%2Fwp%2Fv2%2Fcategories&post=8406"},{"taxonomy":"post_tag","embeddable":true,"href":"https:\/\/www.sps-kadan.cz\/index.php?rest_route=%2Fwp%2Fv2%2Ftags&post=8406"}],"curies":[{"name":"wp","href":"https:\/\/api.w.org\/{rel}","templated":true}]}}