{"id":9044,"date":"2026-01-29T17:56:38","date_gmt":"2026-01-29T16:56:38","guid":{"rendered":"https:\/\/www.sps-kadan.cz\/?p=9044"},"modified":"2026-01-29T17:56:39","modified_gmt":"2026-01-29T16:56:39","slug":"okresni-kolo-olympiady-ceskem-jazyce","status":"publish","type":"post","link":"https:\/\/www.sps-kadan.cz\/?p=9044","title":{"rendered":"Okresn\u00ed kolo olympi\u00e1dy \u010desk\u00e9m jazyce"},"content":{"rendered":"\n<p>Letos poprv\u00e9 sb\u00edrali nov\u00e9 zku\u0161enosti na\u0161i \u017e\u00e1ci Miloslav Dubsk\u00fd a Erik \u0160m\u00edd, kte\u0159\u00ed se 27.1.2026 z\u00fa\u010dastnili okresn\u00edho kola olympi\u00e1dy v\u00a0\u010desk\u00e9m jazyce. Sout\u011b\u017e prob\u011bhla ve St\u0159edisku voln\u00e9ho \u010dasu (Dome\u010dek) Chomutov. Sv\u00e9 schopnosti pom\u011b\u0159ovali v\u00a0gramatice i slohov\u00e9 pr\u00e1ci. Kluci byli s\u00a0pr\u016fb\u011bhem kola spokojen\u00ed a p\u0159\u00ed\u0161t\u00ed rok se t\u011b\u0161\u00ed na novou v\u00fdzvu.<\/p>\n\n\n\n<figure class=\"wp-block-image size-large\"><img loading=\"lazy\" width=\"525\" height=\"700\" src=\"https:\/\/www.sps-kadan.cz\/wp-content\/uploads\/2026\/01\/olycj-525x700.jpg\" alt=\"\" class=\"wp-image-9045\" srcset=\"https:\/\/www.sps-kadan.cz\/wp-content\/uploads\/2026\/01\/olycj-525x700.jpg 525w, https:\/\/www.sps-kadan.cz\/wp-content\/uploads\/2026\/01\/olycj-150x200.jpg 150w, https:\/\/www.sps-kadan.cz\/wp-content\/uploads\/2026\/01\/olycj-113x150.jpg 113w, https:\/\/www.sps-kadan.cz\/wp-content\/uploads\/2026\/01\/olycj-768x1024.jpg 768w, https:\/\/www.sps-kadan.cz\/wp-content\/uploads\/2026\/01\/olycj-1152x1536.jpg 1152w, https:\/\/www.sps-kadan.cz\/wp-content\/uploads\/2026\/01\/olycj.jpg 1500w\" sizes=\"(max-width: 525px) 100vw, 525px\" \/><\/figure>\n","protected":false},"excerpt":{"rendered":"<p>Letos poprv\u00e9 sb\u00edrali nov\u00e9 zku\u0161enosti na\u0161i \u017e\u00e1ci Miloslav Dubsk\u00fd a Erik \u0160m\u00edd, kte\u0159\u00ed se 27.1.2026 z\u00fa\u010dastnili okresn\u00edho kola olympi\u00e1dy v\u00a0\u010desk\u00e9m jazyce. Sout\u011b\u017e prob\u011bhla ve St\u0159edisku <a class=\"more-link\" href=\"https:\/\/www.sps-kadan.cz\/?p=9044\">Cel\u00fd \u010dl\u00e1nek  <span class=\"screen-reader-text\">  Okresn\u00ed kolo olympi\u00e1dy \u010desk\u00e9m jazyce<\/span><span class=\"meta-nav\">&rarr;<\/span><\/a><\/p>\n","protected":false},"author":8,"featured_media":0,"comment_status":"closed","ping_status":"closed","sticky":true,"template":"","format":"standard","meta":[],"categories":[2],"tags":[],"_links":{"self":[{"href":"https:\/\/www.sps-kadan.cz\/index.php?rest_route=\/wp\/v2\/posts\/9044"}],"collection":[{"href":"https:\/\/www.sps-kadan.cz\/index.php?rest_route=\/wp\/v2\/posts"}],"about":[{"href":"https:\/\/www.sps-kadan.cz\/index.php?rest_route=\/wp\/v2\/types\/post"}],"author":[{"embeddable":true,"href":"https:\/\/www.sps-kadan.cz\/index.php?rest_route=\/wp\/v2\/users\/8"}],"replies":[{"embeddable":true,"href":"https:\/\/www.sps-kadan.cz\/index.php?rest_route=%2Fwp%2Fv2%2Fcomments&post=9044"}],"version-history":[{"count":1,"href":"https:\/\/www.sps-kadan.cz\/index.php?rest_route=\/wp\/v2\/posts\/9044\/revisions"}],"predecessor-version":[{"id":9046,"href":"https:\/\/www.sps-kadan.cz\/index.php?rest_route=\/wp\/v2\/posts\/9044\/revisions\/9046"}],"wp:attachment":[{"href":"https:\/\/www.sps-kadan.cz\/index.php?rest_route=%2Fwp%2Fv2%2Fmedia&parent=9044"}],"wp:term":[{"taxonomy":"category","embeddable":true,"href":"https:\/\/www.sps-kadan.cz\/index.php?rest_route=%2Fwp%2Fv2%2Fcategories&post=9044"},{"taxonomy":"post_tag","embeddable":true,"href":"https:\/\/www.sps-kadan.cz\/index.php?rest_route=%2Fwp%2Fv2%2Ftags&post=9044"}],"curies":[{"name":"wp","href":"https:\/\/api.w.org\/{rel}","templated":true}]}}