{"id":9083,"date":"2026-03-18T07:53:32","date_gmt":"2026-03-18T06:53:32","guid":{"rendered":"https:\/\/www.sps-kadan.cz\/?p=9083"},"modified":"2026-03-24T08:30:34","modified_gmt":"2026-03-24T07:30:34","slug":"spickova-veda-a-robokocka-ve-weidenu","status":"publish","type":"post","link":"https:\/\/www.sps-kadan.cz\/?p=9083","title":{"rendered":"\u0160pi\u010dkov\u00e1 v\u011bda a roboko\u010dka ve Weidenu"},"content":{"rendered":"\n<p>V \u202fp\u00e1tek 13. b\u0159ezna 2026 se \u017e\u00e1ci t\u0159\u00eddy 2.E, 3.E a 3.F z\u00fa\u010dastnili \u0161koln\u00ed akce Den otev\u0159en\u00fdch dve\u0159\u00ed na Technick\u00e9 univerzit\u011b v\u202fn\u011bmeck\u00e9m&nbsp;Weidenu.&nbsp;&nbsp;<\/p>\n\n\n\n<p>Po p\u0159\u00edjezdu jsme zav\u00edtali do hlavn\u00ed budovy cel\u00e9ho kampusu, kde n\u00e1m byl p\u0159edstaven program na\u0161eho v\u00fdletu. Pot\u00e9 si \u017e\u00e1ci mohli prohl\u00e9dnout jednotliv\u00e9 laborato\u0159e, v\u202fnich\u017e dostali podrobn\u00e9 informace i s\u202fn\u00e1zorn\u00fdmi uk\u00e1zkami. Nav\u0161t\u00edvili jsme&nbsp;laborato\u0159 zam\u011b\u0159enou na zji\u0161\u0165ov\u00e1n\u00ed fyzick\u00e9 kondice&nbsp;a stavby t\u011bla&nbsp;u profesion\u00e1ln\u00edch sportovc\u016f, laborato\u0159 vybavenou syst\u00e9mem SAP zaji\u0161\u0165uj\u00edc\u00ed automatizovanou p\u0159\u00edpravu dod\u00e1vek zbo\u017e\u00ed ve skladech, laborato\u0159 pracuj\u00edc\u00ed s\u202froboty a nem\u00e9n\u011b zaj\u00edmav\u00fd byl i opera\u010dn\u00ed s\u00e1l, kde&nbsp;prob\u00edhal v\u00fdzkum a v\u00fdvoj&nbsp;vzduchotechniky&nbsp;s\u202fohledem na sn\u00ed\u017een\u00ed v\u00fdskytu bakteri\u00ed.&nbsp;Po chodb\u00e1ch n\u00e1s doprov\u00e1zela robotick\u00e1 ko\u010dka voz\u00edc\u00ed sladk\u00e9 odm\u011bny, kter\u00fdm jsme samoz\u0159ejm\u011b neodolali.&nbsp;&nbsp;<\/p>\n\n\n\n<p>N\u00e1sledn\u011b prob\u011bhla v\u202fjedn\u00e9 posluch\u00e1rn\u011b p\u0159edn\u00e1\u0161ka o mo\u017enostech studia, nab\u00edzen\u00fdch oborech i spolupr\u00e1ci se\u202fZ\u010cU v\u202fPlzni.&nbsp;&nbsp;<\/p>\n\n\n\n<p>P\u0159ed zp\u00e1te\u010dn\u00ed cestou jsme\u00a0ochutnali\u00a0kulin\u00e1\u0159sk\u00e9 um\u011bn\u00ed v\u202fm\u00edstn\u00ed mense, kde si \u017e\u00e1ci m\u011bli mo\u017enost vybrat z\u202fn\u011bkolika druh\u016f j\u00eddel.<\/p>\n\n\n\n<p>Akce se konala v r\u00e1mci projektu \u0160ablony pro S\u0160 a VO\u0160 II OP JAK<\/p>\n\n\n\n<p>D\u011bkujeme OTH Amberg-Weiden za v\u0159el\u00e9 p\u0159ijet\u00ed:)<\/p>\n\n\n\n<figure class=\"wp-block-image size-large\"><img loading=\"lazy\" width=\"700\" height=\"525\" src=\"https:\/\/www.sps-kadan.cz\/wp-content\/uploads\/2026\/03\/weiden4-700x525.jpg\" alt=\"\" class=\"wp-image-9085\" srcset=\"https:\/\/www.sps-kadan.cz\/wp-content\/uploads\/2026\/03\/weiden4-700x525.jpg 700w, https:\/\/www.sps-kadan.cz\/wp-content\/uploads\/2026\/03\/weiden4-200x150.jpg 200w, https:\/\/www.sps-kadan.cz\/wp-content\/uploads\/2026\/03\/weiden4-150x113.jpg 150w, https:\/\/www.sps-kadan.cz\/wp-content\/uploads\/2026\/03\/weiden4-768x576.jpg 768w, https:\/\/www.sps-kadan.cz\/wp-content\/uploads\/2026\/03\/weiden4-1536x1152.jpg 1536w, https:\/\/www.sps-kadan.cz\/wp-content\/uploads\/2026\/03\/weiden4.jpg 1770w\" sizes=\"(max-width: 700px) 100vw, 700px\" \/><\/figure>\n\n\n\n<figure class=\"wp-block-image size-large\"><img loading=\"lazy\" width=\"525\" height=\"700\" src=\"https:\/\/www.sps-kadan.cz\/wp-content\/uploads\/2026\/03\/weiden5-525x700.jpg\" alt=\"\" class=\"wp-image-9086\" srcset=\"https:\/\/www.sps-kadan.cz\/wp-content\/uploads\/2026\/03\/weiden5-525x700.jpg 525w, https:\/\/www.sps-kadan.cz\/wp-content\/uploads\/2026\/03\/weiden5-150x200.jpg 150w, https:\/\/www.sps-kadan.cz\/wp-content\/uploads\/2026\/03\/weiden5-113x150.jpg 113w, https:\/\/www.sps-kadan.cz\/wp-content\/uploads\/2026\/03\/weiden5-768x1024.jpg 768w, https:\/\/www.sps-kadan.cz\/wp-content\/uploads\/2026\/03\/weiden5-1152x1536.jpg 1152w, https:\/\/www.sps-kadan.cz\/wp-content\/uploads\/2026\/03\/weiden5.jpg 1328w\" sizes=\"(max-width: 525px) 100vw, 525px\" \/><\/figure>\n\n\n\n<figure class=\"wp-block-image size-large\"><img loading=\"lazy\" width=\"525\" height=\"700\" src=\"https:\/\/www.sps-kadan.cz\/wp-content\/uploads\/2026\/03\/weiden3-525x700.jpg\" alt=\"\" class=\"wp-image-9084\" srcset=\"https:\/\/www.sps-kadan.cz\/wp-content\/uploads\/2026\/03\/weiden3-525x700.jpg 525w, https:\/\/www.sps-kadan.cz\/wp-content\/uploads\/2026\/03\/weiden3-150x200.jpg 150w, https:\/\/www.sps-kadan.cz\/wp-content\/uploads\/2026\/03\/weiden3-113x150.jpg 113w, https:\/\/www.sps-kadan.cz\/wp-content\/uploads\/2026\/03\/weiden3-768x1024.jpg 768w, https:\/\/www.sps-kadan.cz\/wp-content\/uploads\/2026\/03\/weiden3-1152x1536.jpg 1152w, https:\/\/www.sps-kadan.cz\/wp-content\/uploads\/2026\/03\/weiden3.jpg 1328w\" sizes=\"(max-width: 525px) 100vw, 525px\" \/><\/figure>\n","protected":false},"excerpt":{"rendered":"<p>V \u202fp\u00e1tek 13. b\u0159ezna 2026 se \u017e\u00e1ci t\u0159\u00eddy 2.E, 3.E a 3.F z\u00fa\u010dastnili \u0161koln\u00ed akce Den otev\u0159en\u00fdch dve\u0159\u00ed na Technick\u00e9 univerzit\u011b v\u202fn\u011bmeck\u00e9m&nbsp;Weidenu.&nbsp;&nbsp; Po p\u0159\u00edjezdu jsme <a class=\"more-link\" href=\"https:\/\/www.sps-kadan.cz\/?p=9083\">Cel\u00fd \u010dl\u00e1nek  <span class=\"screen-reader-text\">  \u0160pi\u010dkov\u00e1 v\u011bda a roboko\u010dka ve Weidenu<\/span><span class=\"meta-nav\">&rarr;<\/span><\/a><\/p>\n","protected":false},"author":8,"featured_media":0,"comment_status":"closed","ping_status":"closed","sticky":true,"template":"","format":"standard","meta":[],"categories":[2],"tags":[],"_links":{"self":[{"href":"https:\/\/www.sps-kadan.cz\/index.php?rest_route=\/wp\/v2\/posts\/9083"}],"collection":[{"href":"https:\/\/www.sps-kadan.cz\/index.php?rest_route=\/wp\/v2\/posts"}],"about":[{"href":"https:\/\/www.sps-kadan.cz\/index.php?rest_route=\/wp\/v2\/types\/post"}],"author":[{"embeddable":true,"href":"https:\/\/www.sps-kadan.cz\/index.php?rest_route=\/wp\/v2\/users\/8"}],"replies":[{"embeddable":true,"href":"https:\/\/www.sps-kadan.cz\/index.php?rest_route=%2Fwp%2Fv2%2Fcomments&post=9083"}],"version-history":[{"count":3,"href":"https:\/\/www.sps-kadan.cz\/index.php?rest_route=\/wp\/v2\/posts\/9083\/revisions"}],"predecessor-version":[{"id":9096,"href":"https:\/\/www.sps-kadan.cz\/index.php?rest_route=\/wp\/v2\/posts\/9083\/revisions\/9096"}],"wp:attachment":[{"href":"https:\/\/www.sps-kadan.cz\/index.php?rest_route=%2Fwp%2Fv2%2Fmedia&parent=9083"}],"wp:term":[{"taxonomy":"category","embeddable":true,"href":"https:\/\/www.sps-kadan.cz\/index.php?rest_route=%2Fwp%2Fv2%2Fcategories&post=9083"},{"taxonomy":"post_tag","embeddable":true,"href":"https:\/\/www.sps-kadan.cz\/index.php?rest_route=%2Fwp%2Fv2%2Ftags&post=9083"}],"curies":[{"name":"wp","href":"https:\/\/api.w.org\/{rel}","templated":true}]}}